{"id":172,"date":"2026-04-23T09:12:05","date_gmt":"2026-04-23T12:12:05","guid":{"rendered":"https:\/\/begel.com.br\/blog\/?p=172"},"modified":"2026-04-23T09:12:06","modified_gmt":"2026-04-23T12:12:06","slug":"refresqueira-2-cubas-begel-qualidade-e-entrega-para-todo-o-brasil","status":"publish","type":"post","link":"https:\/\/begel.com.br\/blog\/refresqueira-2-cubas-begel-qualidade-e-entrega-para-todo-o-brasil\/","title":{"rendered":"Refresqueira 2 cubas Begel: qualidade e entrega para todo o Brasil"},"content":{"rendered":"<span class=\"span-reading-time rt-reading-time\" style=\"display: block;\"><span class=\"rt-label rt-prefix\">Tempo de leitura:<\/span> <span class=\"rt-time\"> 4<\/span> <span class=\"rt-label rt-postfix\">minutos<\/span><\/span>\n<p class=\"has-medium-font-size\"><strong>Conhe\u00e7a a refresqueira 2 cubas Begel: certifica\u00e7\u00e3o Inmetro, 16 litros por cuba, resfriamento eficiente e entrega r\u00e1pida para todo o Brasil.<\/strong><\/p>\n\n\n\n<div id=\"ez-toc-container\" class=\"ez-toc-v2_0_81 counter-hierarchy ez-toc-counter ez-toc-grey ez-toc-container-direction\">\n<div class=\"ez-toc-title-container\">\n<p class=\"ez-toc-title\" style=\"cursor:inherit\">O que abordaremos neste artigo:<\/p>\n<span class=\"ez-toc-title-toggle\"><a href=\"#\" class=\"ez-toc-pull-right ez-toc-btn ez-toc-btn-xs ez-toc-btn-default ez-toc-toggle\" aria-label=\"Alternar tabela de conte\u00fado\"><span class=\"ez-toc-js-icon-con\"><span class=\"\"><span class=\"eztoc-hide\" style=\"display:none;\">Toggle<\/span><span class=\"ez-toc-icon-toggle-span\"><svg style=\"fill: #999;color:#999\" xmlns=\"http:\/\/www.w3.org\/2000\/svg\" class=\"list-377408\" width=\"20px\" height=\"20px\" viewBox=\"0 0 24 24\" fill=\"none\"><path d=\"M6 6H4v2h2V6zm14 0H8v2h12V6zM4 11h2v2H4v-2zm16 0H8v2h12v-2zM4 16h2v2H4v-2zm16 0H8v2h12v-2z\" fill=\"currentColor\"><\/path><\/svg><svg style=\"fill: #999;color:#999\" class=\"arrow-unsorted-368013\" xmlns=\"http:\/\/www.w3.org\/2000\/svg\" width=\"10px\" height=\"10px\" viewBox=\"0 0 24 24\" version=\"1.2\" baseProfile=\"tiny\"><path d=\"M18.2 9.3l-6.2-6.3-6.2 6.3c-.2.2-.3.4-.3.7s.1.5.3.7c.2.2.4.3.7.3h11c.3 0 .5-.1.7-.3.2-.2.3-.5.3-.7s-.1-.5-.3-.7zM5.8 14.7l6.2 6.3 6.2-6.3c.2-.2.3-.5.3-.7s-.1-.5-.3-.7c-.2-.2-.4-.3-.7-.3h-11c-.3 0-.5.1-.7.3-.2.2-.3.5-.3.7s.1.5.3.7z\"\/><\/svg><\/span><\/span><\/span><\/a><\/span><\/div>\n<nav><ul class='ez-toc-list ez-toc-list-level-1 ' ><li class='ez-toc-page-1 ez-toc-heading-level-2'><a class=\"ez-toc-link ez-toc-heading-1\" href=\"https:\/\/begel.com.br\/blog\/refresqueira-2-cubas-begel-qualidade-e-entrega-para-todo-o-brasil\/#Refresqueira_2_cubas_o_que_considerar_antes_de_comprar_para_o_seu_negocio\" >Refresqueira 2 cubas: o que considerar antes de comprar para o seu neg\u00f3cio<\/a><\/li><li class='ez-toc-page-1 ez-toc-heading-level-2'><a class=\"ez-toc-link ez-toc-heading-2\" href=\"https:\/\/begel.com.br\/blog\/refresqueira-2-cubas-begel-qualidade-e-entrega-para-todo-o-brasil\/#Por_que_a_refresqueira_2_cubas_e_ideal_para_uso_comercial\" >Por que a refresqueira 2 cubas \u00e9 ideal para uso comercial<\/a><\/li><li class='ez-toc-page-1 ez-toc-heading-level-2'><a class=\"ez-toc-link ez-toc-heading-3\" href=\"https:\/\/begel.com.br\/blog\/refresqueira-2-cubas-begel-qualidade-e-entrega-para-todo-o-brasil\/#O_que_a_Begel_oferece_que_outras_marcas_nao_entregam\" >O que a Begel oferece que outras marcas n\u00e3o entregam<\/a><\/li><li class='ez-toc-page-1 ez-toc-heading-level-2'><a class=\"ez-toc-link ez-toc-heading-4\" href=\"https:\/\/begel.com.br\/blog\/refresqueira-2-cubas-begel-qualidade-e-entrega-para-todo-o-brasil\/#Especificacoes_tecnicas_da_refresqueira_comercial_2_cubas_Begel\" >Especifica\u00e7\u00f5es t\u00e9cnicas da refresqueira comercial 2 cubas Begel<\/a><\/li><li class='ez-toc-page-1 ez-toc-heading-level-2'><a class=\"ez-toc-link ez-toc-heading-5\" href=\"https:\/\/begel.com.br\/blog\/refresqueira-2-cubas-begel-qualidade-e-entrega-para-todo-o-brasil\/#Garantia_e_assistencia_tecnica_protecao_real_para_o_seu_investimento\" >Garantia e assist\u00eancia t\u00e9cnica: prote\u00e7\u00e3o real para o seu investimento<\/a><\/li><li class='ez-toc-page-1 ez-toc-heading-level-2'><a class=\"ez-toc-link ez-toc-heading-6\" href=\"https:\/\/begel.com.br\/blog\/refresqueira-2-cubas-begel-qualidade-e-entrega-para-todo-o-brasil\/#Entrega_para_todo_o_Brasil_como_funciona_a_logistica_da_Begel\" >Entrega para todo o Brasil: como funciona a log\u00edstica da Begel<\/a><\/li><li class='ez-toc-page-1 ez-toc-heading-level-2'><a class=\"ez-toc-link ez-toc-heading-7\" href=\"https:\/\/begel.com.br\/blog\/refresqueira-2-cubas-begel-qualidade-e-entrega-para-todo-o-brasil\/#Para_quais_negocios_a_refresqueira_2_cubas_Begel_e_mais_indicada\" >Para quais neg\u00f3cios a refresqueira 2 cubas Begel \u00e9 mais indicada<\/a><\/li><li class='ez-toc-page-1 ez-toc-heading-level-2'><a class=\"ez-toc-link ez-toc-heading-8\" href=\"https:\/\/begel.com.br\/blog\/refresqueira-2-cubas-begel-qualidade-e-entrega-para-todo-o-brasil\/#A_refresqueira_2_cubas_certa_para_o_seu_negocio_esta_na_Begel\" >A refresqueira 2 cubas certa para o seu neg\u00f3cio est\u00e1 na Begel<\/a><\/li><\/ul><\/nav><\/div>\n<h2 class=\"wp-block-heading\"><span class=\"ez-toc-section\" id=\"Refresqueira_2_cubas_o_que_considerar_antes_de_comprar_para_o_seu_negocio\"><\/span><strong>Refresqueira 2 cubas: o que considerar antes de comprar para o seu neg\u00f3cio<\/strong><span class=\"ez-toc-section-end\"><\/span><\/h2>\n\n\n\n<p>Quando o assunto \u00e9 servir bebidas geladas com agilidade e consist\u00eancia, a escolha do equipamento faz toda a diferen\u00e7a no dia a dia de um neg\u00f3cio.&nbsp;<\/p>\n\n\n\n<p>Uma <strong>refresqueira comercial 2 cubas<\/strong> bem dimensionada garante atendimento mais r\u00e1pido, menos desperd\u00edcio e uma experi\u00eancia melhor para o cliente final.<\/p>\n\n\n\n<p>Mas no mercado h\u00e1 muitas op\u00e7\u00f5es, e nem todas oferecem o mesmo n\u00edvel de confiabilidade. Por isso, antes de fechar qualquer compra, vale entender o que separa um equipamento profissional de um produto que vai gerar dor de cabe\u00e7a em pouco tempo.<\/p>\n\n\n\n<p>A seguir, voc\u00ea vai encontrar tudo o que precisa saber sobre a <strong>refresqueira 2 cubas<\/strong> da Begel: especifica\u00e7\u00f5es t\u00e9cnicas, diferenciais, garantia e como garantir a entrega no seu estado.<\/p>\n\n\n\n<ul class=\"wp-block-list\">\n<li><a href=\"https:\/\/begel.com.br\/blog\/conheca-a-qualidade-do-purificador-de-pressao-begel\/\">Conhe\u00e7a a qualidade do purificador de press\u00e3o Begel<\/a><\/li>\n<\/ul>\n\n\n\n<h2 class=\"wp-block-heading\"><span class=\"ez-toc-section\" id=\"Por_que_a_refresqueira_2_cubas_e_ideal_para_uso_comercial\"><\/span><strong>Por que a refresqueira 2 cubas \u00e9 ideal para uso comercial<\/strong><span class=\"ez-toc-section-end\"><\/span><\/h2>\n\n\n\n<p>Um estabelecimento que trabalha com volume precisa de um equipamento que aguente o ritmo da opera\u00e7\u00e3o. A <strong>refresqueira 2 cubas<\/strong> resolve isso de forma pr\u00e1tica: duas cubas independentes permitem servir dois sabores ou bebidas diferentes ao mesmo tempo, sem mistura e sem paradas para abastecimento constante.<\/p>\n\n\n\n<p>Com <strong>16 litros de capacidade por cuba<\/strong>, o equipamento atende a demanda de franquias de suco, padarias movimentadas, restaurantes self-service e qualquer ponto de venda que precise manter bebidas sempre geladas e prontas para consumo.<\/p>\n\n\n\n<p>O reservat\u00f3rio em <strong>policarbonato cristal<\/strong> \u00e9 outro ponto que faz diferen\u00e7a na rotina: resistente a impactos, f\u00e1cil de higienizar e graduado, o que facilita o controle do n\u00edvel de bebida durante o servi\u00e7o.<\/p>\n\n\n\n<h2 class=\"wp-block-heading\"><span class=\"ez-toc-section\" id=\"O_que_a_Begel_oferece_que_outras_marcas_nao_entregam\"><\/span><strong>O que a Begel oferece que outras marcas n\u00e3o entregam<\/strong><span class=\"ez-toc-section-end\"><\/span><\/h2>\n\n\n\n<p>A Begel n\u00e3o \u00e9 uma empresa que surgiu ontem. Desde <strong>1981<\/strong>, a marca desenvolve, produz e comercializa bebedouros, purificadores e refresqueiras com um padr\u00e3o de qualidade que vai al\u00e9m do que o mercado exige. Essa trajet\u00f3ria se traduz em processos de fabrica\u00e7\u00e3o maduros, materiais de alto n\u00edvel e um produto que funciona de verdade no ambiente comercial.<\/p>\n\n\n\n<p>Todos os equipamentos da Begel saem da f\u00e1brica com <strong>certifica\u00e7\u00e3o Inmetro<\/strong>, o que significa conformidade com as normas brasileiras de seguran\u00e7a e efici\u00eancia.&nbsp;<\/p>\n\n\n\n<p>Para quem compra para uso em franquias ou redes de alimenta\u00e7\u00e3o, esse certificado \u00e9 um requisito b\u00e1sico e a Begel j\u00e1 entrega isso como padr\u00e3o.<\/p>\n\n\n\n<p>A produ\u00e7\u00e3o acontece na cidade de S\u00e3o Paulo, com profissionais especializados e controle interno rigoroso. O resultado \u00e9 um equipamento que funciona bem n\u00e3o s\u00f3 no primeiro m\u00eas, mas ao longo de anos de uso intenso.<\/p>\n\n\n\n<figure class=\"wp-block-image size-full is-resized\"><img loading=\"lazy\" decoding=\"async\" width=\"800\" height=\"800\" src=\"https:\/\/begel.com.br\/blog\/wp-content\/uploads\/2026\/04\/comercial_dupla.png\" alt=\"Refresqueira 2 cubas Begel: qualidade e entrega para todo o Brasil\" class=\"wp-image-173\" style=\"width:367px;height:auto\" srcset=\"https:\/\/begel.com.br\/blog\/wp-content\/uploads\/2026\/04\/comercial_dupla.png 800w, https:\/\/begel.com.br\/blog\/wp-content\/uploads\/2026\/04\/comercial_dupla-300x300.png 300w, https:\/\/begel.com.br\/blog\/wp-content\/uploads\/2026\/04\/comercial_dupla-150x150.png 150w, https:\/\/begel.com.br\/blog\/wp-content\/uploads\/2026\/04\/comercial_dupla-768x768.png 768w, https:\/\/begel.com.br\/blog\/wp-content\/uploads\/2026\/04\/comercial_dupla-60x60.png 60w\" sizes=\"auto, (max-width: 800px) 100vw, 800px\" \/><\/figure>\n\n\n\n<h2 class=\"wp-block-heading\"><span class=\"ez-toc-section\" id=\"Especificacoes_tecnicas_da_refresqueira_comercial_2_cubas_Begel\"><\/span><strong>Especifica\u00e7\u00f5es t\u00e9cnicas da refresqueira comercial 2 cubas Begel<\/strong><span class=\"ez-toc-section-end\"><\/span><\/h2>\n\n\n\n<p>Antes de investir em qualquer equipamento, \u00e9 fundamental conhecer os n\u00fameros. Veja os dados t\u00e9cnicos da linha Juice Plus II:<\/p>\n\n\n\n<p><strong>Dimens\u00f5es e peso:<\/strong><\/p>\n\n\n\n<ul class=\"wp-block-list\">\n<li>Altura: 66 cm<\/li>\n\n\n\n<li>Largura: 41 cm<\/li>\n\n\n\n<li>Profundidade: 46 cm<\/li>\n\n\n\n<li>Peso: 23 kg<\/li>\n<\/ul>\n\n\n\n<p><strong>Capacidade e funcionamento:<\/strong><\/p>\n\n\n\n<ul class=\"wp-block-list\">\n<li>Duas cubas de <strong>16 litros<\/strong> cada<\/li>\n\n\n\n<li>Tempo de resfriamento a partir de <strong>3 horas<\/strong> (com suco em temperatura ambiente)<\/li>\n\n\n\n<li>Temperatura de sa\u00edda: <strong>8\u00b0C<\/strong><\/li>\n\n\n\n<li>G\u00e1s refrigerante <strong>R134a<\/strong>, sem impacto na camada de oz\u00f4nio<\/li>\n<\/ul>\n\n\n\n<p><strong>Acabamento e estrutura:<\/strong><\/p>\n\n\n\n<ul class=\"wp-block-list\">\n<li>Externo em a\u00e7o inox ou pintura eletrozincada<\/li>\n\n\n\n<li>Reservat\u00f3rio em policarbonato cristal graduado<\/li>\n\n\n\n<li>Duas torneiras tipo alavanca por cuba, desmont\u00e1veis para limpeza<\/li>\n<\/ul>\n\n\n\n<p>Essa combina\u00e7\u00e3o de capacidade, acabamento e efici\u00eancia \u00e9 o que coloca a <strong>Refresqueira 2 cubas de 16 litros<\/strong> da Begel em uma categoria diferente dos equipamentos de entrada no mercado.<\/p>\n\n\n\n<h2 class=\"wp-block-heading\"><span class=\"ez-toc-section\" id=\"Garantia_e_assistencia_tecnica_protecao_real_para_o_seu_investimento\"><\/span><strong>Garantia e assist\u00eancia t\u00e9cnica: prote\u00e7\u00e3o real para o seu investimento<\/strong><span class=\"ez-toc-section-end\"><\/span><\/h2>\n\n\n\n<p>Comprar equipamento para opera\u00e7\u00e3o comercial sem garantia s\u00f3lida \u00e9 um risco desnecess\u00e1rio. A Begel oferece:<\/p>\n\n\n\n<ul class=\"wp-block-list\">\n<li><strong>3 meses de garantia legal<\/strong> contra defeitos de fabrica\u00e7\u00e3o<\/li>\n\n\n\n<li><strong>9 meses adicionais de garantia estendida<\/strong> para o sistema de refrigera\u00e7\u00e3o, totalizando 12 meses de cobertura nessa \u00e1rea<\/li>\n<\/ul>\n\n\n\n<p>Al\u00e9m disso, a rede de <strong>assist\u00eancia t\u00e9cnica credenciada da Begel<\/strong> cobre todos os estados e as principais cidades do Brasil. Isso significa que, em caso de qualquer problema t\u00e9cnico, voc\u00ea n\u00e3o vai ficar sem suporte ou precisar mandar o equipamento para outro estado.<\/p>\n\n\n\n<p>Para neg\u00f3cios que dependem da continuidade da opera\u00e7\u00e3o, esse tipo de cobertura geogr\u00e1fica \u00e9 um diferencial concreto, n\u00e3o apenas um argumento de venda.<\/p>\n\n\n\n<ul class=\"wp-block-list\">\n<li><a href=\"https:\/\/begel.com.br\/blog\/conheca-o-bebedouro-de-coluna-para-garrafao-begel\/\">Conhe\u00e7a as vantagens do bebedouro para gal\u00e3o de 10 litros<\/a><\/li>\n<\/ul>\n\n\n\n<h2 class=\"wp-block-heading\"><span class=\"ez-toc-section\" id=\"Entrega_para_todo_o_Brasil_como_funciona_a_logistica_da_Begel\"><\/span><strong>Entrega para todo o Brasil: como funciona a log\u00edstica da Begel<\/strong><span class=\"ez-toc-section-end\"><\/span><\/h2>\n\n\n\n<p>Uma d\u00favida comum de quem compra equipamento diretamente do fabricante \u00e9: o frete chega at\u00e9 minha cidade?<\/p>\n\n\n\n<p>No caso da Begel, a resposta \u00e9 sim. <strong>A entrega da refresqueira 2 cubas com garantia e entrega r\u00e1pida est\u00e1 dispon\u00edvel para todo o territ\u00f3rio nacional.<\/strong><\/p>\n\n\n\n<p>A modalidade de frete funciona assim:<\/p>\n\n\n\n<ul class=\"wp-block-list\">\n<li><strong>Frete CIF<\/strong> (por conta do vendedor) para entregas na cidade de S\u00e3o Paulo<\/li>\n\n\n\n<li><strong>Frete FOB<\/strong> (por conta do comprador) para as demais cidades do Brasil<\/li>\n<\/ul>\n\n\n\n<p>Essa estrutura \u00e9 padr\u00e3o no setor industrial e permite que o pedido chegue com agilidade, independente da regi\u00e3o. Os prazos variam conforme o destino, mas a Begel trabalha com operadores log\u00edsticos para garantir o menor tempo poss\u00edvel de entrega.<\/p>\n\n\n\n<h2 class=\"wp-block-heading\"><span class=\"ez-toc-section\" id=\"Para_quais_negocios_a_refresqueira_2_cubas_Begel_e_mais_indicada\"><\/span><strong>Para quais neg\u00f3cios a refresqueira 2 cubas Begel \u00e9 mais indicada<\/strong><span class=\"ez-toc-section-end\"><\/span><\/h2>\n\n\n\n<p>O equipamento foi projetado para uso intenso em ambiente comercial. Na pr\u00e1tica, ele funciona muito bem em:<\/p>\n\n\n\n<ul class=\"wp-block-list\">\n<li><strong>Franquias de sucos e a\u00e7a\u00ed<\/strong>, que precisam de equipamento padronizado e com certifica\u00e7\u00e3o<\/li>\n\n\n\n<li><strong>Restaurantes self-service e por quilo<\/strong>, onde a variedade de bebidas \u00e9 parte do diferencial<\/li>\n\n\n\n<li><strong>Padarias e cafeterias<\/strong>, que atendem grande volume no caf\u00e9 da manh\u00e3 e no lanche da tarde<\/li>\n\n\n\n<li><strong>Lanchonetes e pra\u00e7as de alimenta\u00e7\u00e3o<\/strong>, com alta rotatividade de clientes<\/li>\n\n\n\n<li><strong>Supermercados e mercados de bairro<\/strong>, que querem oferecer bebidas geladas sem terceirizar o servi\u00e7o<\/li>\n<\/ul>\n\n\n\n<p>O design compacto da refresqueira, com apenas 41 cm de largura, tamb\u00e9m facilita a instala\u00e7\u00e3o em balc\u00f5es com pouco espa\u00e7o dispon\u00edvel.<\/p>\n\n\n\n<h2 class=\"wp-block-heading\"><span class=\"ez-toc-section\" id=\"A_refresqueira_2_cubas_certa_para_o_seu_negocio_esta_na_Begel\"><\/span><strong>A refresqueira 2 cubas certa para o seu neg\u00f3cio est\u00e1 na Begel<\/strong><span class=\"ez-toc-section-end\"><\/span><\/h2>\n\n\n\n<p>Depois de mais de quatro d\u00e9cadas fabricando equipamentos de refrigera\u00e7\u00e3o, a <a href=\"https:\/\/begel.com.br\/\"><strong>Begel<\/strong><\/a> acumulou o que nenhum concorrente mais novo consegue copiar rapidamente: experi\u00eancia real, processos maduros e uma reputa\u00e7\u00e3o constru\u00edda em cima de produto que funciona.<\/p>\n\n\n\n<p>A <a href=\"https:\/\/begel.com.br\/refresqueira-comercial-dupla\"><strong>refresqueira comercial 2 cubas<\/strong><\/a> da linha Juice Plus II n\u00e3o \u00e9 s\u00f3 um equipamento bonito no balc\u00e3o. \u00c9 uma escolha respaldada por certifica\u00e7\u00e3o Inmetro, garantia de 12 meses no sistema de refrigera\u00e7\u00e3o, rede de assist\u00eancia em todo o Brasil e entrega para qualquer estado do pa\u00eds.<\/p>\n\n\n\n<p>Se voc\u00ea quer comprar com seguran\u00e7a e receber um equipamento que vai trabalhar tanto quanto o seu neg\u00f3cio, a escolha j\u00e1 est\u00e1 feita.<\/p>\n\n\n\n<p><strong>Pronto para equipar o seu neg\u00f3cio com qualidade de verdade?<\/strong><\/p>\n\n\n\n<p><strong>Entre em contato conosco e solicite um or\u00e7amento personalizado. Entregamos para todo o Brasil com agilidade e suporte t\u00e9cnico credenciado na sua regi\u00e3o.<\/strong><\/p>\n\n\n\n<ul class=\"wp-block-list\">\n<li><a href=\"https:\/\/begel.com.br\/blog\/refresqueira-industrial-150-litros-begel-conheca-os-diferenciais\/\"><strong>Refresqueira industrial 150 litros da Begel: conhe\u00e7a os diferenciais do equipamento<\/strong><\/a><\/li>\n<\/ul>\n","protected":false},"excerpt":{"rendered":"<p><span class=\"span-reading-time rt-reading-time\" style=\"display: block;\"><span class=\"rt-label rt-prefix\">Tempo de leitura:<\/span> <span class=\"rt-time\"> 4<\/span> <span class=\"rt-label rt-postfix\">minutos<\/span><\/span>Conhe\u00e7a a refresqueira 2 cubas Begel: certifica\u00e7\u00e3o Inmetro, 16 litros por cuba, resfriamento eficiente e entrega r\u00e1pida para todo o Brasil. Refresqueira 2 cubas: o que considerar antes de comprar para o seu neg\u00f3cio Quando o assunto \u00e9 servir bebidas geladas com agilidade e consist\u00eancia, a escolha do equipamento faz toda a diferen\u00e7a no dia &hellip; <\/p>\n","protected":false},"author":2,"featured_media":173,"comment_status":"open","ping_status":"open","sticky":false,"template":"","format":"standard","meta":{"footnotes":""},"categories":[99],"tags":[820,791,801,811,809,782,843,117,873,121,868,104,783,779,835,858,853,109,863,113,849,129,788,785,796,794,797,790,799,798,292,774,831,773,857,789,840,824,842,807,823,808,862,859,803,795,834,827,864,856,814,812,819,793,845,813,841,837,832,806,839,836,822,815,828,829,838,818,874,825,805,817,878,802,877,880,800,852,867,810,844,833,816,851,846,866,848,865,821,855,860,872,830,861,847,871,792,786,343,775,781,804,772,777,850,153,881,870,886,885,883,884,177,141,137,879,145,887,876,149,875,869,854,882,133,161,780,787,573,778,776,485,784,826,125],"class_list":["post-172","post","type-post","status-publish","format-standard","has-post-thumbnail","hentry","category-refresqueira","tag-a-begel-entrega-refresqueira-para-fora-de-sao-paulo","tag-a-refresqueira-2-cubas-tem-certificacao-inmetro","tag-a-refresqueira-begel-tem-assistencia-tecnica-no-meu-estado","tag-como-comprar-refresqueira-diretamente-com-a-begel","tag-como-fazer-a-limpeza-da-refresqueira-comercial-begel","tag-comprar-refresqueira-comercial","tag-distribuidor-de-refresqueira-2-cubas","tag-distribuidor-de-refresqueira-dupla","tag-distribuidora-de-refresqueira-2-cubas","tag-distribuidora-de-refresqueira-dupla","tag-empresa-de-refresqueira-2-cubas","tag-empresa-de-refresqueira-dupla","tag-equipamento-de-refrigeracao-para-alimentacao","tag-equipamento-para-servir-suco-gelado","tag-fabrica-de-refresqueira-2-cubas","tag-fabrica-de-refresqueira-dupla","tag-fabricante-de-refresqueira-2-cubas","tag-fabricante-de-refresqueira-dupla","tag-fornecedor-de-refresqueira-2-cubas","tag-fornecedor-de-refresqueira-dupla","tag-loja-de-refresqueira-2-cubas","tag-loja-de-refresqueira-dupla","tag-onde-comprar-refresqueira-2-cubas-com-garantia-e-entrega-rapida","tag-qual-a-capacidade-da-refresqueira-2-cubas-begel","tag-qual-a-diferenca-entre-frete-cif-e-fob-na-compra-de-refresqueira","tag-qual-a-voltagem-disponivel-na-refresqueira-2-cubas-begel","tag-qual-o-consumo-de-energia-da-refresqueira-2-cubas-begel","tag-qual-o-prazo-de-garantia-da-refresqueira-comercial-begel","tag-qual-o-tamanho-da-refresqueira-2-cubas-begel","tag-qual-o-tempo-de-resfriamento-da-refresqueira-begel","tag-refresqueira-2-cubas","tag-refresqueira-2-cubas-begel","tag-refresqueira-2-cubas-comprar","tag-refresqueira-2-cubas-de-16-litros","tag-refresqueira-2-cubas-direto-da-fabrica","tag-refresqueira-2-cubas-e-indicada-para-franquias-de-suco","tag-refresqueira-2-cubas-em-anapolis","tag-refresqueira-2-cubas-em-aracaju","tag-refresqueira-2-cubas-em-belem","tag-refresqueira-2-cubas-em-belo-horizonte","tag-refresqueira-2-cubas-em-brasilia","tag-refresqueira-2-cubas-em-campinas","tag-refresqueira-2-cubas-em-campo-grande","tag-refresqueira-2-cubas-em-caucaia","tag-refresqueira-2-cubas-em-caxias-do-sul","tag-refresqueira-2-cubas-em-contagem","tag-refresqueira-2-cubas-em-cuiaba","tag-refresqueira-2-cubas-em-curitiba","tag-refresqueira-2-cubas-em-diadema","tag-refresqueira-2-cubas-em-duque-de-caxias","tag-refresqueira-2-cubas-em-feira-de-santana","tag-refresqueira-2-cubas-em-florianopolis","tag-refresqueira-2-cubas-em-fortaleza","tag-refresqueira-2-cubas-em-goiania","tag-refresqueira-2-cubas-em-guarulhos","tag-refresqueira-2-cubas-em-jaboatao-dos-guararapes","tag-refresqueira-2-cubas-em-joao-pessoa","tag-refresqueira-2-cubas-em-joinville","tag-refresqueira-2-cubas-em-lauro-de-freitas","tag-refresqueira-2-cubas-em-londrina","tag-refresqueira-2-cubas-em-maceio","tag-refresqueira-2-cubas-em-manaus","tag-refresqueira-2-cubas-em-maringa","tag-refresqueira-2-cubas-em-natal","tag-refresqueira-2-cubas-em-niteroi","tag-refresqueira-2-cubas-em-olinda","tag-refresqueira-2-cubas-em-osasco","tag-refresqueira-2-cubas-em-porto-alegre","tag-refresqueira-2-cubas-em-promocao","tag-refresqueira-2-cubas-em-recife","tag-refresqueira-2-cubas-em-ribeirao-preto","tag-refresqueira-2-cubas-em-salvador","tag-refresqueira-2-cubas-em-santo-andre","tag-refresqueira-2-cubas-em-santos","tag-refresqueira-2-cubas-em-sao-bernardo","tag-refresqueira-2-cubas-em-sao-caetano","tag-refresqueira-2-cubas-em-sao-jose-dos-campos","tag-refresqueira-2-cubas-em-sao-luis","tag-refresqueira-2-cubas-em-sao-paulo","tag-refresqueira-2-cubas-em-sorocaba","tag-refresqueira-2-cubas-em-sp","tag-refresqueira-2-cubas-em-taguatinga","tag-refresqueira-2-cubas-em-uberlandia","tag-refresqueira-2-cubas-na-baixada-santista","tag-refresqueira-2-cubas-na-barra-da-tijuca","tag-refresqueira-2-cubas-na-zona-leste","tag-refresqueira-2-cubas-na-zona-norte","tag-refresqueira-2-cubas-na-zona-oeste","tag-refresqueira-2-cubas-na-zona-sul","tag-refresqueira-2-cubas-no-abc","tag-refresqueira-2-cubas-no-centro","tag-refresqueira-2-cubas-no-centro-do-rio-de-janeiro","tag-refresqueira-2-cubas-onde-encontrar","tag-refresqueira-2-cubas-perto-de-mim","tag-refresqueira-2-cubas-preco","tag-refresqueira-2-cubas-proximo-a-mim","tag-refresqueira-2-cubas-serve-para-agua-de-coco-e-cha-tambem","tag-refresqueira-com-assistencia-tecnica-nacional","tag-refresqueira-com-certificacao-inmetro","tag-refresqueira-com-entrega-para-todo-brasil","tag-refresqueira-com-frete-para-todo-brasil","tag-refresqueira-com-reservatorio-graduado","tag-refresqueira-comercial-2-cubas","tag-refresqueira-comercial-com-garantia","tag-refresqueira-dupla-comprar","tag-refresqueira-dupla-direto-da-fabrica","tag-refresqueira-dupla-em-diadema","tag-refresqueira-dupla-em-guarulhos","tag-refresqueira-dupla-em-osasco","tag-refresqueira-dupla-em-promocao","tag-refresqueira-dupla-em-santo-andre","tag-refresqueira-dupla-em-sao-bernardo","tag-refresqueira-dupla-em-sao-caetano","tag-refresqueira-dupla-em-sao-paulo","tag-refresqueira-dupla-em-sp","tag-refresqueira-dupla-na-baixada-santista","tag-refresqueira-dupla-na-zona-leste","tag-refresqueira-dupla-na-zona-norte","tag-refresqueira-dupla-na-zona-oeste","tag-refresqueira-dupla-na-zona-sul","tag-refresqueira-dupla-no-abc","tag-refresqueira-dupla-no-centro","tag-refresqueira-dupla-onde-encontrar","tag-refresqueira-dupla-perto-de-mim","tag-refresqueira-dupla-preco","tag-refresqueira-dupla-proximo-a-mim","tag-refresqueira-gas-r134a","tag-refresqueira-inox-comercial","tag-refresqueira-juice-plus-ii","tag-refresqueira-para-franquia","tag-refresqueira-para-padaria","tag-refresqueira-para-restaurante","tag-refresqueira-policarbonato-cristal","tag-revendedor-de-refresqueira-2-cubas","tag-revendedor-de-refresqueira-dupla","latest_post"],"yoast_head":"<!-- This site is optimized with the Yoast SEO plugin v27.2 - https:\/\/yoast.com\/product\/yoast-seo-wordpress\/ -->\n<title>Refresqueira 2 cubas Begel: qualidade e entrega para todo o Brasil - Blog Begel<\/title>\n<meta name=\"description\" content=\"Conhe\u00e7a a refresqueira 2 cubas Begel: certifica\u00e7\u00e3o Inmetro, 16 litros por cuba, resfriamento eficiente e entrega r\u00e1pida para todo o Brasil.\" \/>\n<meta name=\"robots\" content=\"index, follow, max-snippet:-1, max-image-preview:large, max-video-preview:-1\" \/>\n<link rel=\"canonical\" href=\"https:\/\/begel.com.br\/blog\/refresqueira-2-cubas-begel-qualidade-e-entrega-para-todo-o-brasil\/\" \/>\n<meta property=\"og:locale\" content=\"pt_BR\" \/>\n<meta property=\"og:type\" content=\"article\" \/>\n<meta property=\"og:title\" content=\"Refresqueira 2 cubas Begel: qualidade e entrega para todo o Brasil - Blog Begel\" \/>\n<meta property=\"og:description\" content=\"Conhe\u00e7a a refresqueira 2 cubas Begel: certifica\u00e7\u00e3o Inmetro, 16 litros por cuba, resfriamento eficiente e entrega r\u00e1pida para todo o Brasil.\" \/>\n<meta property=\"og:url\" content=\"https:\/\/begel.com.br\/blog\/refresqueira-2-cubas-begel-qualidade-e-entrega-para-todo-o-brasil\/\" \/>\n<meta property=\"og:site_name\" content=\"Blog Begel\" \/>\n<meta property=\"article:published_time\" content=\"2026-04-23T12:12:05+00:00\" \/>\n<meta property=\"article:modified_time\" content=\"2026-04-23T12:12:06+00:00\" \/>\n<meta property=\"og:image\" content=\"https:\/\/begel.com.br\/blog\/wp-content\/uploads\/2026\/04\/comercial_dupla.png\" \/>\n\t<meta property=\"og:image:width\" content=\"800\" \/>\n\t<meta property=\"og:image:height\" content=\"800\" \/>\n\t<meta property=\"og:image:type\" content=\"image\/png\" \/>\n<meta name=\"author\" content=\"admin\" \/>\n<meta name=\"twitter:card\" content=\"summary_large_image\" \/>\n<meta name=\"twitter:label1\" content=\"Escrito por\" \/>\n\t<meta name=\"twitter:data1\" content=\"admin\" \/>\n\t<meta name=\"twitter:label2\" content=\"Est. tempo de leitura\" \/>\n\t<meta name=\"twitter:data2\" content=\"7 minutos\" \/>\n<script type=\"application\/ld+json\" class=\"yoast-schema-graph\">{\"@context\":\"https:\/\/schema.org\",\"@graph\":[{\"@type\":\"Article\",\"@id\":\"https:\/\/begel.com.br\/blog\/refresqueira-2-cubas-begel-qualidade-e-entrega-para-todo-o-brasil\/#article\",\"isPartOf\":{\"@id\":\"https:\/\/begel.com.br\/blog\/refresqueira-2-cubas-begel-qualidade-e-entrega-para-todo-o-brasil\/\"},\"author\":{\"name\":\"admin\",\"@id\":\"https:\/\/begel.com.br\/blog\/#\/schema\/person\/8cf24de6b221fe622e543da7c15e4939\"},\"headline\":\"Refresqueira 2 cubas Begel: qualidade e entrega para todo o Brasil\",\"datePublished\":\"2026-04-23T12:12:05+00:00\",\"dateModified\":\"2026-04-23T12:12:06+00:00\",\"mainEntityOfPage\":{\"@id\":\"https:\/\/begel.com.br\/blog\/refresqueira-2-cubas-begel-qualidade-e-entrega-para-todo-o-brasil\/\"},\"wordCount\":1180,\"commentCount\":0,\"publisher\":{\"@id\":\"https:\/\/begel.com.br\/blog\/#organization\"},\"image\":{\"@id\":\"https:\/\/begel.com.br\/blog\/refresqueira-2-cubas-begel-qualidade-e-entrega-para-todo-o-brasil\/#primaryimage\"},\"thumbnailUrl\":\"https:\/\/begel.com.br\/blog\/wp-content\/uploads\/2026\/04\/comercial_dupla.png\",\"keywords\":[\"a Begel entrega refresqueira para fora de S\u00e3o Paulo?\",\"a refresqueira 2 cubas tem certifica\u00e7\u00e3o Inmetro?\",\"a refresqueira Begel tem assist\u00eancia t\u00e9cnica no meu estado?\",\"como comprar refresqueira diretamente com a Begel?\",\"como fazer a limpeza da refresqueira comercial Begel?\",\"comprar refresqueira comercial\",\"distribuidor de refresqueira 2 cubas\",\"distribuidor de Refresqueira dupla\",\"distribuidora de refresqueira 2 cubas\",\"distribuidora de Refresqueira dupla\",\"empresa de refresqueira 2 cubas\",\"empresa de Refresqueira dupla\",\"equipamento de refrigera\u00e7\u00e3o para alimenta\u00e7\u00e3o\",\"equipamento para servir suco gelado\",\"f\u00e1brica de refresqueira 2 cubas\",\"f\u00e1brica de refresqueira dupla\",\"fabricante de refresqueira 2 cubas\",\"fabricante de Refresqueira dupla\",\"fornecedor de refresqueira 2 cubas\",\"fornecedor de Refresqueira dupla\",\"loja de refresqueira 2 cubas\",\"loja de Refresqueira dupla\",\"onde comprar refresqueira 2 cubas com garantia e entrega r\u00e1pida?\",\"qual a capacidade da refresqueira 2 cubas Begel?\",\"qual a diferen\u00e7a entre frete CIF e FOB na compra de refresqueira?\",\"qual a voltagem dispon\u00edvel na refresqueira 2 cubas Begel?\",\"qual o consumo de energia da refresqueira 2 cubas Begel?\",\"qual o prazo de garantia da refresqueira comercial Begel?\",\"qual o tamanho da refresqueira 2 cubas Begel?\",\"qual o tempo de resfriamento da refresqueira Begel?\",\"refresqueira 2 cubas\",\"refresqueira 2 cubas Begel\",\"refresqueira 2 cubas comprar\",\"refresqueira 2 cubas de 16 litros\",\"refresqueira 2 cubas direto da fabrica\",\"refresqueira 2 cubas \u00e9 indicada para franquias de suco?\",\"refresqueira 2 cubas em An\u00e1polis\",\"refresqueira 2 cubas em Aracaju\",\"refresqueira 2 cubas em Bel\u00e9m\",\"refresqueira 2 cubas em Belo Horizonte\",\"refresqueira 2 cubas em Bras\u00edlia\",\"refresqueira 2 cubas em Campinas\",\"refresqueira 2 cubas em Campo Grande\",\"refresqueira 2 cubas em Caucaia\",\"refresqueira 2 cubas em Caxias do Sul\",\"refresqueira 2 cubas em Contagem\",\"refresqueira 2 cubas em Cuiab\u00e1\",\"refresqueira 2 cubas em Curitiba\",\"refresqueira 2 cubas em Diadema\",\"refresqueira 2 cubas em Duque de Caxias\",\"refresqueira 2 cubas em Feira de Santana\",\"refresqueira 2 cubas em Florian\u00f3polis\",\"refresqueira 2 cubas em Fortaleza\",\"refresqueira 2 cubas em Goi\u00e2nia\",\"refresqueira 2 cubas em Guarulhos\",\"refresqueira 2 cubas em Jaboat\u00e3o dos Guararapes\",\"refresqueira 2 cubas em Jo\u00e3o Pessoa\",\"refresqueira 2 cubas em Joinville\",\"refresqueira 2 cubas em Lauro de Freitas\",\"refresqueira 2 cubas em Londrina\",\"refresqueira 2 cubas em Macei\u00f3\",\"refresqueira 2 cubas em Manaus\",\"refresqueira 2 cubas em Maring\u00e1\",\"refresqueira 2 cubas em Natal\",\"refresqueira 2 cubas em Niter\u00f3i\",\"refresqueira 2 cubas em Olinda\",\"refresqueira 2 cubas em Osasco\",\"refresqueira 2 cubas em Porto Alegre\",\"refresqueira 2 cubas em promo\u00e7\u00e3o\",\"refresqueira 2 cubas em Recife\",\"refresqueira 2 cubas em Ribeir\u00e3o Preto\",\"refresqueira 2 cubas em Salvador\",\"refresqueira 2 cubas em Santo Andr\u00e9\",\"refresqueira 2 cubas em Santos\",\"refresqueira 2 cubas em S\u00e3o Bernardo\",\"refresqueira 2 cubas em S\u00e3o Caetano\",\"refresqueira 2 cubas em S\u00e3o Jos\u00e9 dos Campos\",\"refresqueira 2 cubas em S\u00e3o Lu\u00eds\",\"refresqueira 2 cubas em s\u00e3o paulo\",\"refresqueira 2 cubas em Sorocaba\",\"refresqueira 2 cubas em sp\",\"refresqueira 2 cubas em Taguatinga\",\"refresqueira 2 cubas em Uberl\u00e2ndia\",\"refresqueira 2 cubas na baixada santista\",\"refresqueira 2 cubas na Barra da Tijuca\",\"refresqueira 2 cubas na zona leste\",\"refresqueira 2 cubas na zona norte\",\"refresqueira 2 cubas na zona oeste\",\"refresqueira 2 cubas na zona sul\",\"refresqueira 2 cubas no ABC\",\"refresqueira 2 cubas no centro\",\"refresqueira 2 cubas no centro do Rio de Janeiro\",\"refresqueira 2 cubas onde encontrar\",\"refresqueira 2 cubas perto de mim\",\"refresqueira 2 cubas pre\u00e7o\",\"refresqueira 2 cubas pr\u00f3ximo a mim\",\"refresqueira 2 cubas serve para \u00e1gua de coco e ch\u00e1 tamb\u00e9m?\",\"refresqueira com assist\u00eancia t\u00e9cnica nacional\",\"refresqueira com certifica\u00e7\u00e3o INMETRO\",\"refresqueira com entrega para todo Brasil\",\"refresqueira com frete para todo Brasil\",\"refresqueira com reservat\u00f3rio graduado\",\"refresqueira comercial 2 cubas\",\"refresqueira comercial com garantia\",\"refresqueira dupla comprar\",\"Refresqueira dupla direto da fabrica\",\"refresqueira dupla em Diadema\",\"refresqueira dupla em Guarulhos\",\"refresqueira dupla em Osasco\",\"refresqueira dupla em promo\u00e7\u00e3o\",\"refresqueira dupla em Santo Andr\u00e9\",\"refresqueira dupla em S\u00e3o Bernardo\",\"Refresqueira dupla em S\u00e3o Caetano\",\"Refresqueira dupla em s\u00e3o paulo\",\"Refresqueira dupla em sp\",\"refresqueira dupla na baixada santista\",\"Refresqueira dupla na zona leste\",\"refresqueira dupla na zona norte\",\"refresqueira dupla na zona oeste\",\"Refresqueira dupla na zona sul\",\"refresqueira dupla no ABC\",\"refresqueira dupla no centro\",\"refresqueira dupla onde encontrar\",\"refresqueira dupla perto de mim\",\"Refresqueira dupla pre\u00e7o\",\"Refresqueira dupla pr\u00f3ximo a mim\",\"refresqueira g\u00e1s R134a\",\"refresqueira inox comercial\",\"refresqueira Juice Plus II\",\"refresqueira para franquia\",\"refresqueira para padaria\",\"refresqueira para restaurante\",\"refresqueira policarbonato cristal\",\"revendedor de refresqueira 2 cubas\",\"revendedor de Refresqueira dupla\"],\"articleSection\":[\"Refresqueira\"],\"inLanguage\":\"pt-BR\",\"potentialAction\":[{\"@type\":\"CommentAction\",\"name\":\"Comment\",\"target\":[\"https:\/\/begel.com.br\/blog\/refresqueira-2-cubas-begel-qualidade-e-entrega-para-todo-o-brasil\/#respond\"]}]},{\"@type\":\"WebPage\",\"@id\":\"https:\/\/begel.com.br\/blog\/refresqueira-2-cubas-begel-qualidade-e-entrega-para-todo-o-brasil\/\",\"url\":\"https:\/\/begel.com.br\/blog\/refresqueira-2-cubas-begel-qualidade-e-entrega-para-todo-o-brasil\/\",\"name\":\"Refresqueira 2 cubas Begel: qualidade e entrega para todo o Brasil - Blog Begel\",\"isPartOf\":{\"@id\":\"https:\/\/begel.com.br\/blog\/#website\"},\"primaryImageOfPage\":{\"@id\":\"https:\/\/begel.com.br\/blog\/refresqueira-2-cubas-begel-qualidade-e-entrega-para-todo-o-brasil\/#primaryimage\"},\"image\":{\"@id\":\"https:\/\/begel.com.br\/blog\/refresqueira-2-cubas-begel-qualidade-e-entrega-para-todo-o-brasil\/#primaryimage\"},\"thumbnailUrl\":\"https:\/\/begel.com.br\/blog\/wp-content\/uploads\/2026\/04\/comercial_dupla.png\",\"datePublished\":\"2026-04-23T12:12:05+00:00\",\"dateModified\":\"2026-04-23T12:12:06+00:00\",\"description\":\"Conhe\u00e7a a refresqueira 2 cubas Begel: certifica\u00e7\u00e3o Inmetro, 16 litros por cuba, resfriamento eficiente e entrega r\u00e1pida para todo o Brasil.\",\"breadcrumb\":{\"@id\":\"https:\/\/begel.com.br\/blog\/refresqueira-2-cubas-begel-qualidade-e-entrega-para-todo-o-brasil\/#breadcrumb\"},\"inLanguage\":\"pt-BR\",\"potentialAction\":[{\"@type\":\"ReadAction\",\"target\":[\"https:\/\/begel.com.br\/blog\/refresqueira-2-cubas-begel-qualidade-e-entrega-para-todo-o-brasil\/\"]}]},{\"@type\":\"ImageObject\",\"inLanguage\":\"pt-BR\",\"@id\":\"https:\/\/begel.com.br\/blog\/refresqueira-2-cubas-begel-qualidade-e-entrega-para-todo-o-brasil\/#primaryimage\",\"url\":\"https:\/\/begel.com.br\/blog\/wp-content\/uploads\/2026\/04\/comercial_dupla.png\",\"contentUrl\":\"https:\/\/begel.com.br\/blog\/wp-content\/uploads\/2026\/04\/comercial_dupla.png\",\"width\":800,\"height\":800,\"caption\":\"Refresqueira 2 cubas Begel: qualidade e entrega para todo o Brasil\"},{\"@type\":\"BreadcrumbList\",\"@id\":\"https:\/\/begel.com.br\/blog\/refresqueira-2-cubas-begel-qualidade-e-entrega-para-todo-o-brasil\/#breadcrumb\",\"itemListElement\":[{\"@type\":\"ListItem\",\"position\":1,\"name\":\"In\u00edcio\",\"item\":\"https:\/\/begel.com.br\/blog\/\"},{\"@type\":\"ListItem\",\"position\":2,\"name\":\"Refresqueira 2 cubas Begel: qualidade e entrega para todo o Brasil\"}]},{\"@type\":\"WebSite\",\"@id\":\"https:\/\/begel.com.br\/blog\/#website\",\"url\":\"https:\/\/begel.com.br\/blog\/\",\"name\":\"Blog Begel\",\"description\":\"Qualidade pensando em voc\u00ea!\",\"publisher\":{\"@id\":\"https:\/\/begel.com.br\/blog\/#organization\"},\"potentialAction\":[{\"@type\":\"SearchAction\",\"target\":{\"@type\":\"EntryPoint\",\"urlTemplate\":\"https:\/\/begel.com.br\/blog\/?s={search_term_string}\"},\"query-input\":{\"@type\":\"PropertyValueSpecification\",\"valueRequired\":true,\"valueName\":\"search_term_string\"}}],\"inLanguage\":\"pt-BR\"},{\"@type\":\"Organization\",\"@id\":\"https:\/\/begel.com.br\/blog\/#organization\",\"name\":\"Blog Begel\",\"url\":\"https:\/\/begel.com.br\/blog\/\",\"logo\":{\"@type\":\"ImageObject\",\"inLanguage\":\"pt-BR\",\"@id\":\"https:\/\/begel.com.br\/blog\/#\/schema\/logo\/image\/\",\"url\":\"https:\/\/begel.com.br\/blog\/wp-content\/uploads\/2025\/03\/logobegelll.png\",\"contentUrl\":\"https:\/\/begel.com.br\/blog\/wp-content\/uploads\/2025\/03\/logobegelll.png\",\"width\":223,\"height\":52,\"caption\":\"Blog Begel\"},\"image\":{\"@id\":\"https:\/\/begel.com.br\/blog\/#\/schema\/logo\/image\/\"}},{\"@type\":\"Person\",\"@id\":\"https:\/\/begel.com.br\/blog\/#\/schema\/person\/8cf24de6b221fe622e543da7c15e4939\",\"name\":\"admin\",\"image\":{\"@type\":\"ImageObject\",\"inLanguage\":\"pt-BR\",\"@id\":\"https:\/\/secure.gravatar.com\/avatar\/0c35c1987e27da99c70b0996ba9e9a6b78e67bef84fab8227e88c2c44b594cd5?s=96&d=mm&r=g\",\"url\":\"https:\/\/secure.gravatar.com\/avatar\/0c35c1987e27da99c70b0996ba9e9a6b78e67bef84fab8227e88c2c44b594cd5?s=96&d=mm&r=g\",\"contentUrl\":\"https:\/\/secure.gravatar.com\/avatar\/0c35c1987e27da99c70b0996ba9e9a6b78e67bef84fab8227e88c2c44b594cd5?s=96&d=mm&r=g\",\"caption\":\"admin\"},\"url\":\"https:\/\/begel.com.br\/blog\/author\/admin\/\"}]}<\/script>\n<!-- \/ Yoast SEO plugin. -->","yoast_head_json":{"title":"Refresqueira 2 cubas Begel: qualidade e entrega para todo o Brasil - Blog Begel","description":"Conhe\u00e7a a refresqueira 2 cubas Begel: certifica\u00e7\u00e3o Inmetro, 16 litros por cuba, resfriamento eficiente e entrega r\u00e1pida para todo o Brasil.","robots":{"index":"index","follow":"follow","max-snippet":"max-snippet:-1","max-image-preview":"max-image-preview:large","max-video-preview":"max-video-preview:-1"},"canonical":"https:\/\/begel.com.br\/blog\/refresqueira-2-cubas-begel-qualidade-e-entrega-para-todo-o-brasil\/","og_locale":"pt_BR","og_type":"article","og_title":"Refresqueira 2 cubas Begel: qualidade e entrega para todo o Brasil - Blog Begel","og_description":"Conhe\u00e7a a refresqueira 2 cubas Begel: certifica\u00e7\u00e3o Inmetro, 16 litros por cuba, resfriamento eficiente e entrega r\u00e1pida para todo o Brasil.","og_url":"https:\/\/begel.com.br\/blog\/refresqueira-2-cubas-begel-qualidade-e-entrega-para-todo-o-brasil\/","og_site_name":"Blog Begel","article_published_time":"2026-04-23T12:12:05+00:00","article_modified_time":"2026-04-23T12:12:06+00:00","og_image":[{"width":800,"height":800,"url":"https:\/\/begel.com.br\/blog\/wp-content\/uploads\/2026\/04\/comercial_dupla.png","type":"image\/png"}],"author":"admin","twitter_card":"summary_large_image","twitter_misc":{"Escrito por":"admin","Est. tempo de leitura":"7 minutos"},"schema":{"@context":"https:\/\/schema.org","@graph":[{"@type":"Article","@id":"https:\/\/begel.com.br\/blog\/refresqueira-2-cubas-begel-qualidade-e-entrega-para-todo-o-brasil\/#article","isPartOf":{"@id":"https:\/\/begel.com.br\/blog\/refresqueira-2-cubas-begel-qualidade-e-entrega-para-todo-o-brasil\/"},"author":{"name":"admin","@id":"https:\/\/begel.com.br\/blog\/#\/schema\/person\/8cf24de6b221fe622e543da7c15e4939"},"headline":"Refresqueira 2 cubas Begel: qualidade e entrega para todo o Brasil","datePublished":"2026-04-23T12:12:05+00:00","dateModified":"2026-04-23T12:12:06+00:00","mainEntityOfPage":{"@id":"https:\/\/begel.com.br\/blog\/refresqueira-2-cubas-begel-qualidade-e-entrega-para-todo-o-brasil\/"},"wordCount":1180,"commentCount":0,"publisher":{"@id":"https:\/\/begel.com.br\/blog\/#organization"},"image":{"@id":"https:\/\/begel.com.br\/blog\/refresqueira-2-cubas-begel-qualidade-e-entrega-para-todo-o-brasil\/#primaryimage"},"thumbnailUrl":"https:\/\/begel.com.br\/blog\/wp-content\/uploads\/2026\/04\/comercial_dupla.png","keywords":["a Begel entrega refresqueira para fora de S\u00e3o Paulo?","a refresqueira 2 cubas tem certifica\u00e7\u00e3o Inmetro?","a refresqueira Begel tem assist\u00eancia t\u00e9cnica no meu estado?","como comprar refresqueira diretamente com a Begel?","como fazer a limpeza da refresqueira comercial Begel?","comprar refresqueira comercial","distribuidor de refresqueira 2 cubas","distribuidor de Refresqueira dupla","distribuidora de refresqueira 2 cubas","distribuidora de Refresqueira dupla","empresa de refresqueira 2 cubas","empresa de Refresqueira dupla","equipamento de refrigera\u00e7\u00e3o para alimenta\u00e7\u00e3o","equipamento para servir suco gelado","f\u00e1brica de refresqueira 2 cubas","f\u00e1brica de refresqueira dupla","fabricante de refresqueira 2 cubas","fabricante de Refresqueira dupla","fornecedor de refresqueira 2 cubas","fornecedor de Refresqueira dupla","loja de refresqueira 2 cubas","loja de Refresqueira dupla","onde comprar refresqueira 2 cubas com garantia e entrega r\u00e1pida?","qual a capacidade da refresqueira 2 cubas Begel?","qual a diferen\u00e7a entre frete CIF e FOB na compra de refresqueira?","qual a voltagem dispon\u00edvel na refresqueira 2 cubas Begel?","qual o consumo de energia da refresqueira 2 cubas Begel?","qual o prazo de garantia da refresqueira comercial Begel?","qual o tamanho da refresqueira 2 cubas Begel?","qual o tempo de resfriamento da refresqueira Begel?","refresqueira 2 cubas","refresqueira 2 cubas Begel","refresqueira 2 cubas comprar","refresqueira 2 cubas de 16 litros","refresqueira 2 cubas direto da fabrica","refresqueira 2 cubas \u00e9 indicada para franquias de suco?","refresqueira 2 cubas em An\u00e1polis","refresqueira 2 cubas em Aracaju","refresqueira 2 cubas em Bel\u00e9m","refresqueira 2 cubas em Belo Horizonte","refresqueira 2 cubas em Bras\u00edlia","refresqueira 2 cubas em Campinas","refresqueira 2 cubas em Campo Grande","refresqueira 2 cubas em Caucaia","refresqueira 2 cubas em Caxias do Sul","refresqueira 2 cubas em Contagem","refresqueira 2 cubas em Cuiab\u00e1","refresqueira 2 cubas em Curitiba","refresqueira 2 cubas em Diadema","refresqueira 2 cubas em Duque de Caxias","refresqueira 2 cubas em Feira de Santana","refresqueira 2 cubas em Florian\u00f3polis","refresqueira 2 cubas em Fortaleza","refresqueira 2 cubas em Goi\u00e2nia","refresqueira 2 cubas em Guarulhos","refresqueira 2 cubas em Jaboat\u00e3o dos Guararapes","refresqueira 2 cubas em Jo\u00e3o Pessoa","refresqueira 2 cubas em Joinville","refresqueira 2 cubas em Lauro de Freitas","refresqueira 2 cubas em Londrina","refresqueira 2 cubas em Macei\u00f3","refresqueira 2 cubas em Manaus","refresqueira 2 cubas em Maring\u00e1","refresqueira 2 cubas em Natal","refresqueira 2 cubas em Niter\u00f3i","refresqueira 2 cubas em Olinda","refresqueira 2 cubas em Osasco","refresqueira 2 cubas em Porto Alegre","refresqueira 2 cubas em promo\u00e7\u00e3o","refresqueira 2 cubas em Recife","refresqueira 2 cubas em Ribeir\u00e3o Preto","refresqueira 2 cubas em Salvador","refresqueira 2 cubas em Santo Andr\u00e9","refresqueira 2 cubas em Santos","refresqueira 2 cubas em S\u00e3o Bernardo","refresqueira 2 cubas em S\u00e3o Caetano","refresqueira 2 cubas em S\u00e3o Jos\u00e9 dos Campos","refresqueira 2 cubas em S\u00e3o Lu\u00eds","refresqueira 2 cubas em s\u00e3o paulo","refresqueira 2 cubas em Sorocaba","refresqueira 2 cubas em sp","refresqueira 2 cubas em Taguatinga","refresqueira 2 cubas em Uberl\u00e2ndia","refresqueira 2 cubas na baixada santista","refresqueira 2 cubas na Barra da Tijuca","refresqueira 2 cubas na zona leste","refresqueira 2 cubas na zona norte","refresqueira 2 cubas na zona oeste","refresqueira 2 cubas na zona sul","refresqueira 2 cubas no ABC","refresqueira 2 cubas no centro","refresqueira 2 cubas no centro do Rio de Janeiro","refresqueira 2 cubas onde encontrar","refresqueira 2 cubas perto de mim","refresqueira 2 cubas pre\u00e7o","refresqueira 2 cubas pr\u00f3ximo a mim","refresqueira 2 cubas serve para \u00e1gua de coco e ch\u00e1 tamb\u00e9m?","refresqueira com assist\u00eancia t\u00e9cnica nacional","refresqueira com certifica\u00e7\u00e3o INMETRO","refresqueira com entrega para todo Brasil","refresqueira com frete para todo Brasil","refresqueira com reservat\u00f3rio graduado","refresqueira comercial 2 cubas","refresqueira comercial com garantia","refresqueira dupla comprar","Refresqueira dupla direto da fabrica","refresqueira dupla em Diadema","refresqueira dupla em Guarulhos","refresqueira dupla em Osasco","refresqueira dupla em promo\u00e7\u00e3o","refresqueira dupla em Santo Andr\u00e9","refresqueira dupla em S\u00e3o Bernardo","Refresqueira dupla em S\u00e3o Caetano","Refresqueira dupla em s\u00e3o paulo","Refresqueira dupla em sp","refresqueira dupla na baixada santista","Refresqueira dupla na zona leste","refresqueira dupla na zona norte","refresqueira dupla na zona oeste","Refresqueira dupla na zona sul","refresqueira dupla no ABC","refresqueira dupla no centro","refresqueira dupla onde encontrar","refresqueira dupla perto de mim","Refresqueira dupla pre\u00e7o","Refresqueira dupla pr\u00f3ximo a mim","refresqueira g\u00e1s R134a","refresqueira inox comercial","refresqueira Juice Plus II","refresqueira para franquia","refresqueira para padaria","refresqueira para restaurante","refresqueira policarbonato cristal","revendedor de refresqueira 2 cubas","revendedor de Refresqueira dupla"],"articleSection":["Refresqueira"],"inLanguage":"pt-BR","potentialAction":[{"@type":"CommentAction","name":"Comment","target":["https:\/\/begel.com.br\/blog\/refresqueira-2-cubas-begel-qualidade-e-entrega-para-todo-o-brasil\/#respond"]}]},{"@type":"WebPage","@id":"https:\/\/begel.com.br\/blog\/refresqueira-2-cubas-begel-qualidade-e-entrega-para-todo-o-brasil\/","url":"https:\/\/begel.com.br\/blog\/refresqueira-2-cubas-begel-qualidade-e-entrega-para-todo-o-brasil\/","name":"Refresqueira 2 cubas Begel: qualidade e entrega para todo o Brasil - Blog Begel","isPartOf":{"@id":"https:\/\/begel.com.br\/blog\/#website"},"primaryImageOfPage":{"@id":"https:\/\/begel.com.br\/blog\/refresqueira-2-cubas-begel-qualidade-e-entrega-para-todo-o-brasil\/#primaryimage"},"image":{"@id":"https:\/\/begel.com.br\/blog\/refresqueira-2-cubas-begel-qualidade-e-entrega-para-todo-o-brasil\/#primaryimage"},"thumbnailUrl":"https:\/\/begel.com.br\/blog\/wp-content\/uploads\/2026\/04\/comercial_dupla.png","datePublished":"2026-04-23T12:12:05+00:00","dateModified":"2026-04-23T12:12:06+00:00","description":"Conhe\u00e7a a refresqueira 2 cubas Begel: certifica\u00e7\u00e3o Inmetro, 16 litros por cuba, resfriamento eficiente e entrega r\u00e1pida para todo o Brasil.","breadcrumb":{"@id":"https:\/\/begel.com.br\/blog\/refresqueira-2-cubas-begel-qualidade-e-entrega-para-todo-o-brasil\/#breadcrumb"},"inLanguage":"pt-BR","potentialAction":[{"@type":"ReadAction","target":["https:\/\/begel.com.br\/blog\/refresqueira-2-cubas-begel-qualidade-e-entrega-para-todo-o-brasil\/"]}]},{"@type":"ImageObject","inLanguage":"pt-BR","@id":"https:\/\/begel.com.br\/blog\/refresqueira-2-cubas-begel-qualidade-e-entrega-para-todo-o-brasil\/#primaryimage","url":"https:\/\/begel.com.br\/blog\/wp-content\/uploads\/2026\/04\/comercial_dupla.png","contentUrl":"https:\/\/begel.com.br\/blog\/wp-content\/uploads\/2026\/04\/comercial_dupla.png","width":800,"height":800,"caption":"Refresqueira 2 cubas Begel: qualidade e entrega para todo o Brasil"},{"@type":"BreadcrumbList","@id":"https:\/\/begel.com.br\/blog\/refresqueira-2-cubas-begel-qualidade-e-entrega-para-todo-o-brasil\/#breadcrumb","itemListElement":[{"@type":"ListItem","position":1,"name":"In\u00edcio","item":"https:\/\/begel.com.br\/blog\/"},{"@type":"ListItem","position":2,"name":"Refresqueira 2 cubas Begel: qualidade e entrega para todo o Brasil"}]},{"@type":"WebSite","@id":"https:\/\/begel.com.br\/blog\/#website","url":"https:\/\/begel.com.br\/blog\/","name":"Blog Begel","description":"Qualidade pensando em voc\u00ea!","publisher":{"@id":"https:\/\/begel.com.br\/blog\/#organization"},"potentialAction":[{"@type":"SearchAction","target":{"@type":"EntryPoint","urlTemplate":"https:\/\/begel.com.br\/blog\/?s={search_term_string}"},"query-input":{"@type":"PropertyValueSpecification","valueRequired":true,"valueName":"search_term_string"}}],"inLanguage":"pt-BR"},{"@type":"Organization","@id":"https:\/\/begel.com.br\/blog\/#organization","name":"Blog Begel","url":"https:\/\/begel.com.br\/blog\/","logo":{"@type":"ImageObject","inLanguage":"pt-BR","@id":"https:\/\/begel.com.br\/blog\/#\/schema\/logo\/image\/","url":"https:\/\/begel.com.br\/blog\/wp-content\/uploads\/2025\/03\/logobegelll.png","contentUrl":"https:\/\/begel.com.br\/blog\/wp-content\/uploads\/2025\/03\/logobegelll.png","width":223,"height":52,"caption":"Blog Begel"},"image":{"@id":"https:\/\/begel.com.br\/blog\/#\/schema\/logo\/image\/"}},{"@type":"Person","@id":"https:\/\/begel.com.br\/blog\/#\/schema\/person\/8cf24de6b221fe622e543da7c15e4939","name":"admin","image":{"@type":"ImageObject","inLanguage":"pt-BR","@id":"https:\/\/secure.gravatar.com\/avatar\/0c35c1987e27da99c70b0996ba9e9a6b78e67bef84fab8227e88c2c44b594cd5?s=96&d=mm&r=g","url":"https:\/\/secure.gravatar.com\/avatar\/0c35c1987e27da99c70b0996ba9e9a6b78e67bef84fab8227e88c2c44b594cd5?s=96&d=mm&r=g","contentUrl":"https:\/\/secure.gravatar.com\/avatar\/0c35c1987e27da99c70b0996ba9e9a6b78e67bef84fab8227e88c2c44b594cd5?s=96&d=mm&r=g","caption":"admin"},"url":"https:\/\/begel.com.br\/blog\/author\/admin\/"}]}},"_links":{"self":[{"href":"https:\/\/begel.com.br\/blog\/wp-json\/wp\/v2\/posts\/172","targetHints":{"allow":["GET"]}}],"collection":[{"href":"https:\/\/begel.com.br\/blog\/wp-json\/wp\/v2\/posts"}],"about":[{"href":"https:\/\/begel.com.br\/blog\/wp-json\/wp\/v2\/types\/post"}],"author":[{"embeddable":true,"href":"https:\/\/begel.com.br\/blog\/wp-json\/wp\/v2\/users\/2"}],"replies":[{"embeddable":true,"href":"https:\/\/begel.com.br\/blog\/wp-json\/wp\/v2\/comments?post=172"}],"version-history":[{"count":1,"href":"https:\/\/begel.com.br\/blog\/wp-json\/wp\/v2\/posts\/172\/revisions"}],"predecessor-version":[{"id":174,"href":"https:\/\/begel.com.br\/blog\/wp-json\/wp\/v2\/posts\/172\/revisions\/174"}],"wp:featuredmedia":[{"embeddable":true,"href":"https:\/\/begel.com.br\/blog\/wp-json\/wp\/v2\/media\/173"}],"wp:attachment":[{"href":"https:\/\/begel.com.br\/blog\/wp-json\/wp\/v2\/media?parent=172"}],"wp:term":[{"taxonomy":"category","embeddable":true,"href":"https:\/\/begel.com.br\/blog\/wp-json\/wp\/v2\/categories?post=172"},{"taxonomy":"post_tag","embeddable":true,"href":"https:\/\/begel.com.br\/blog\/wp-json\/wp\/v2\/tags?post=172"}],"curies":[{"name":"wp","href":"https:\/\/api.w.org\/{rel}","templated":true}]}}