{"id":155,"date":"2026-02-13T16:42:55","date_gmt":"2026-02-13T19:42:55","guid":{"rendered":"https:\/\/begel.com.br\/blog\/?p=155"},"modified":"2026-02-13T16:44:26","modified_gmt":"2026-02-13T19:44:26","slug":"conte-com-a-refresqueira-industrial-da-begel-em-seu-estabelecimento","status":"publish","type":"post","link":"https:\/\/begel.com.br\/blog\/conte-com-a-refresqueira-industrial-da-begel-em-seu-estabelecimento\/","title":{"rendered":"Conte com a refresqueira industrial da Begel em seu estabelecimento"},"content":{"rendered":"<span class=\"span-reading-time rt-reading-time\" style=\"display: block;\"><span class=\"rt-label rt-prefix\">Tempo de leitura:<\/span> <span class=\"rt-time\"> 4<\/span> <span class=\"rt-label rt-postfix\">minutos<\/span><\/span>\n<p class=\"has-medium-font-size\"><strong><em>Refresqueira industrial Begel garante bebidas geladas, efici\u00eancia energ\u00e9tica e higiene para restaurantes, hospitais e refeit\u00f3rios.<\/em><\/strong><\/p>\n\n\n\n<p>A <strong>refresqueira industrial<\/strong> deixou de ser apenas um equipamento de apoio e passou a ocupar um papel estrat\u00e9gico em cozinhas profissionais. Em ambientes onde o fluxo \u00e9 constante e a exig\u00eancia por qualidade \u00e9 alta, servir bebidas sempre geladas faz diferen\u00e7a na experi\u00eancia final de quem consome.<\/p>\n\n\n\n<p>Restaurantes, hospitais, escolas, refeit\u00f3rios corporativos e cozinhas industriais precisam de solu\u00e7\u00f5es confi\u00e1veis, que n\u00e3o falhem nos hor\u00e1rios de pico e que facilitem a rotina operacional. \u00c9 exatamente nesse ponto que a refresqueira industrial da Begel se destaca.<\/p>\n\n\n\n<p>Ao longo deste artigo, voc\u00ea vai entender como funciona uma refresqueira industrial, por que ela \u00e9 indispens\u00e1vel em estabelecimentos profissionais e quais s\u00e3o os diferenciais dos modelos Begel para quem busca efici\u00eancia, durabilidade e seguran\u00e7a.<\/p>\n\n\n\n<ul class=\"wp-block-list\">\n<li><a href=\"https:\/\/begel.com.br\/blog\/refresqueira-rfi-seu-suco-na-temperatura-certa\/\">Refresqueira RFI: seu suco na temperatura certa<\/a><\/li>\n<\/ul>\n\n\n\n<div id=\"ez-toc-container\" class=\"ez-toc-v2_0_81 counter-hierarchy ez-toc-counter ez-toc-grey ez-toc-container-direction\">\n<div class=\"ez-toc-title-container\">\n<p class=\"ez-toc-title\" style=\"cursor:inherit\">O que abordaremos neste artigo:<\/p>\n<span class=\"ez-toc-title-toggle\"><a href=\"#\" class=\"ez-toc-pull-right ez-toc-btn ez-toc-btn-xs ez-toc-btn-default ez-toc-toggle\" aria-label=\"Alternar tabela de conte\u00fado\"><span class=\"ez-toc-js-icon-con\"><span class=\"\"><span class=\"eztoc-hide\" style=\"display:none;\">Toggle<\/span><span class=\"ez-toc-icon-toggle-span\"><svg style=\"fill: #999;color:#999\" xmlns=\"http:\/\/www.w3.org\/2000\/svg\" class=\"list-377408\" width=\"20px\" height=\"20px\" viewBox=\"0 0 24 24\" fill=\"none\"><path d=\"M6 6H4v2h2V6zm14 0H8v2h12V6zM4 11h2v2H4v-2zm16 0H8v2h12v-2zM4 16h2v2H4v-2zm16 0H8v2h12v-2z\" fill=\"currentColor\"><\/path><\/svg><svg style=\"fill: #999;color:#999\" class=\"arrow-unsorted-368013\" xmlns=\"http:\/\/www.w3.org\/2000\/svg\" width=\"10px\" height=\"10px\" viewBox=\"0 0 24 24\" version=\"1.2\" baseProfile=\"tiny\"><path d=\"M18.2 9.3l-6.2-6.3-6.2 6.3c-.2.2-.3.4-.3.7s.1.5.3.7c.2.2.4.3.7.3h11c.3 0 .5-.1.7-.3.2-.2.3-.5.3-.7s-.1-.5-.3-.7zM5.8 14.7l6.2 6.3 6.2-6.3c.2-.2.3-.5.3-.7s-.1-.5-.3-.7c-.2-.2-.4-.3-.7-.3h-11c-.3 0-.5.1-.7.3-.2.2-.3.5-.3.7s.1.5.3.7z\"\/><\/svg><\/span><\/span><\/span><\/a><\/span><\/div>\n<nav><ul class='ez-toc-list ez-toc-list-level-1 ' ><li class='ez-toc-page-1 ez-toc-heading-level-2'><a class=\"ez-toc-link ez-toc-heading-1\" href=\"https:\/\/begel.com.br\/blog\/conte-com-a-refresqueira-industrial-da-begel-em-seu-estabelecimento\/#Por_que_investir_em_uma_refresqueira_industrial\" >Por que investir em uma refresqueira industrial?<\/a><\/li><li class='ez-toc-page-1 ez-toc-heading-level-2'><a class=\"ez-toc-link ez-toc-heading-2\" href=\"https:\/\/begel.com.br\/blog\/conte-com-a-refresqueira-industrial-da-begel-em-seu-estabelecimento\/#Como_funciona_a_refresqueira_industrial_na_pratica\" >Como funciona a refresqueira industrial na pr\u00e1tica?<\/a><ul class='ez-toc-list-level-3' ><li class='ez-toc-heading-level-3'><a class=\"ez-toc-link ez-toc-heading-3\" href=\"https:\/\/begel.com.br\/blog\/conte-com-a-refresqueira-industrial-da-begel-em-seu-estabelecimento\/#Diferenciais_tecnicos_da_refresqueira_industrial_Begel\" >Diferenciais t\u00e9cnicos da refresqueira industrial Begel<\/a><\/li><li class='ez-toc-page-1 ez-toc-heading-level-3'><a class=\"ez-toc-link ez-toc-heading-4\" href=\"https:\/\/begel.com.br\/blog\/conte-com-a-refresqueira-industrial-da-begel-em-seu-estabelecimento\/#Capacidades_disponiveis_e_aplicacoes_ideais\" >Capacidades dispon\u00edveis e aplica\u00e7\u00f5es ideais<\/a><\/li><li class='ez-toc-page-1 ez-toc-heading-level-3'><a class=\"ez-toc-link ez-toc-heading-5\" href=\"https:\/\/begel.com.br\/blog\/conte-com-a-refresqueira-industrial-da-begel-em-seu-estabelecimento\/#Dimensoes_peso_e_instalacao_do_equipamento\" >Dimens\u00f5es, peso e instala\u00e7\u00e3o do equipamento<\/a><\/li><\/ul><\/li><li class='ez-toc-page-1 ez-toc-heading-level-2'><a class=\"ez-toc-link ez-toc-heading-6\" href=\"https:\/\/begel.com.br\/blog\/conte-com-a-refresqueira-industrial-da-begel-em-seu-estabelecimento\/#Onde_a_refresqueira_industrial_Begel_faz_mais_diferenca\" >Onde a refresqueira industrial Begel faz mais diferen\u00e7a<\/a><\/li><li class='ez-toc-page-1 ez-toc-heading-level-2'><a class=\"ez-toc-link ez-toc-heading-7\" href=\"https:\/\/begel.com.br\/blog\/conte-com-a-refresqueira-industrial-da-begel-em-seu-estabelecimento\/#Refresqueira_industrial_como_investimento_de_longo_prazo\" >Refresqueira industrial como investimento de longo prazo<\/a><\/li><\/ul><\/nav><\/div>\n<h2 class=\"wp-block-heading\"><span class=\"ez-toc-section\" id=\"Por_que_investir_em_uma_refresqueira_industrial\"><\/span>Por que investir em uma refresqueira industrial?<span class=\"ez-toc-section-end\"><\/span><\/h2>\n\n\n<div class=\"wp-block-image\">\n<figure class=\"alignright size-full is-resized\"><img loading=\"lazy\" decoding=\"async\" width=\"800\" height=\"800\" src=\"https:\/\/begel.com.br\/blog\/wp-content\/uploads\/2026\/02\/industrial_100.png\" alt=\"Conte com a refresqueira industrial da Begel em seu estabelecimento\" class=\"wp-image-156\" style=\"width:345px;height:auto\" srcset=\"https:\/\/begel.com.br\/blog\/wp-content\/uploads\/2026\/02\/industrial_100.png 800w, https:\/\/begel.com.br\/blog\/wp-content\/uploads\/2026\/02\/industrial_100-300x300.png 300w, https:\/\/begel.com.br\/blog\/wp-content\/uploads\/2026\/02\/industrial_100-150x150.png 150w, https:\/\/begel.com.br\/blog\/wp-content\/uploads\/2026\/02\/industrial_100-768x768.png 768w, https:\/\/begel.com.br\/blog\/wp-content\/uploads\/2026\/02\/industrial_100-60x60.png 60w\" sizes=\"auto, (max-width: 800px) 100vw, 800px\" \/><\/figure>\n<\/div>\n\n\n<p>Quem trabalha com alimenta\u00e7\u00e3o sabe que improviso custa caro. Usar equipamentos dom\u00e9sticos em ambientes profissionais gera desperd\u00edcio, aumenta o consumo de energia e compromete a padroniza\u00e7\u00e3o do servi\u00e7o. <\/p>\n\n\n\n<p>A <strong>refresqueira industrial<\/strong> nasce justamente para resolver esses gargalos.<\/p>\n\n\n\n<p>Ela \u00e9 projetada para manter grandes volumes de bebida em temperatura est\u00e1vel, mesmo com uso cont\u00ednuo. <\/p>\n\n\n\n<p>Diferente de solu\u00e7\u00f5es adaptadas, o equipamento industrial suporta longos per\u00edodos de opera\u00e7\u00e3o sem queda de desempenho.<\/p>\n\n\n\n<p>Outro ponto decisivo \u00e9 a seguran\u00e7a sanit\u00e1ria. Em ambientes como hospitais e escolas, a conserva\u00e7\u00e3o correta das bebidas n\u00e3o \u00e9 opcional. <\/p>\n\n\n\n<p><strong>Temperatura, material adequado e facilidade de higieniza\u00e7\u00e3o<\/strong> s\u00e3o requisitos b\u00e1sicos, e a refresqueira industrial atende a todos eles de forma consistente.<\/p>\n\n\n\n<ul class=\"wp-block-list\">\n<li><a href=\"https:\/\/begel.com.br\/blog\/conheca-os-equipamentos-de-refrigeracao-industrial-da-begel\/\">Conhe\u00e7a os equipamentos de refrigera\u00e7\u00e3o industrial da Begel<\/a><\/li>\n<\/ul>\n\n\n\n<h2 class=\"wp-block-heading\"><span class=\"ez-toc-section\" id=\"Como_funciona_a_refresqueira_industrial_na_pratica\"><\/span>Como funciona a refresqueira industrial na pr\u00e1tica?<span class=\"ez-toc-section-end\"><\/span><\/h2>\n\n\n\n<p>A refresqueira industrial \u00e9 indicada para sucos em p\u00f3, concentrados ou polpa, desde que isentos de part\u00edculas s\u00f3lidas ou fiapos de frutas. O processo \u00e9 simples e eficiente. Ap\u00f3s o abastecimento com o suco em temperatura ambiente, o sistema de refrigera\u00e7\u00e3o entra em a\u00e7\u00e3o e reduz a temperatura m\u00e9dia para cerca de <strong>8 \u00b0C<\/strong>, ideal para consumo.<\/p>\n\n\n\n<p>Nos modelos da Begel, o tempo de resfriamento varia conforme a capacidade do tanque, indo de 2 a 4 horas. Esse desempenho garante previsibilidade na opera\u00e7\u00e3o, algo essencial para quem trabalha com grandes volumes.<\/p>\n\n\n\n<p>O uso de <strong>compressor eficiente e silencioso<\/strong> permite que a refresqueira industrial funcione em \u00e1reas de atendimento sem gerar ru\u00eddo excessivo. Al\u00e9m disso, o baixo consumo energ\u00e9tico contribui para reduzir custos fixos no longo prazo, um fator cada vez mais relevante na gest\u00e3o de estabelecimentos.<\/p>\n\n\n\n<h3 class=\"wp-block-heading\"><span class=\"ez-toc-section\" id=\"Diferenciais_tecnicos_da_refresqueira_industrial_Begel\"><\/span>Diferenciais t\u00e9cnicos da refresqueira industrial Begel<span class=\"ez-toc-section-end\"><\/span><\/h3>\n\n\n\n<p>A refresqueira industrial Begel foi desenvolvida com foco em durabilidade, higiene e efici\u00eancia. Um dos principais diferenciais est\u00e1 na escolha dos materiais. O acabamento externo e o tanque s\u00e3o fabricados em <strong>a\u00e7o inox<\/strong>, material resistente \u00e0 corros\u00e3o e f\u00e1cil de limpar.<\/p>\n\n\n\n<p>O tanque cil\u00edndrico favorece a homogeneiza\u00e7\u00e3o da bebida e simplifica o processo de higieniza\u00e7\u00e3o di\u00e1ria. O dreno integrado facilita o escoamento total do l\u00edquido, evitando res\u00edduos e reduzindo o risco de contamina\u00e7\u00e3o cruzada.<\/p>\n\n\n\n<p>Outro destaque importante \u00e9 o uso do <strong>g\u00e1s refrigerante R134a<\/strong>, considerado eco-amig\u00e1vel. Esse detalhe refor\u00e7a o compromisso com pr\u00e1ticas mais sustent\u00e1veis, sem abrir m\u00e3o do desempenho t\u00e9rmico exigido em uma refresqueira industrial profissional.<\/p>\n\n\n\n<p>E h\u00e1 um ponto que n\u00e3o pode ser ignorado: <strong>todos os modelos possuem certifica\u00e7\u00e3o do Inmetro<\/strong>, assegurando que o equipamento atende \u00e0s normas de seguran\u00e7a e efici\u00eancia vigentes no Brasil.<\/p>\n\n\n\n<h3 class=\"wp-block-heading\"><span class=\"ez-toc-section\" id=\"Capacidades_disponiveis_e_aplicacoes_ideais\"><\/span>Capacidades dispon\u00edveis e aplica\u00e7\u00f5es ideais<span class=\"ez-toc-section-end\"><\/span><\/h3>\n\n\n\n<p>A Begel oferece a refresqueira industrial em tr\u00eas capacidades distintas, pensadas para diferentes demandas operacionais. Essa variedade permite escolher o modelo mais adequado sem superdimensionar ou limitar a opera\u00e7\u00e3o.<\/p>\n\n\n\n<p>A refresqueira industrial de <strong>50 litros<\/strong> \u00e9 indicada para estabelecimentos de m\u00e9dio porte, como restaurantes, caf\u00e9s e refeit\u00f3rios menores. Suas dimens\u00f5es compactas facilitam a instala\u00e7\u00e3o, sem comprometer a produtividade.<\/p>\n\n\n\n<p>J\u00e1 o modelo de <strong>100 litros<\/strong> atende opera\u00e7\u00f5es com fluxo maior de pessoas, como escolas, hospitais e cozinhas industriais. Ele equilibra capacidade e espa\u00e7o f\u00edsico, sendo uma escolha vers\u00e1til para ambientes profissionais.<\/p>\n\n\n\n<p>Para grandes volumes, a refresqueira industrial de <strong>150 litros<\/strong> \u00e9 a solu\u00e7\u00e3o ideal. Refeit\u00f3rios corporativos, ind\u00fastrias e institui\u00e7\u00f5es com alta demanda se beneficiam da autonomia ampliada, reduzindo a necessidade de reabastecimentos frequentes.<\/p>\n\n\n\n<h3 class=\"wp-block-heading\"><span class=\"ez-toc-section\" id=\"Dimensoes_peso_e_instalacao_do_equipamento\"><\/span>Dimens\u00f5es, peso e instala\u00e7\u00e3o do equipamento<span class=\"ez-toc-section-end\"><\/span><\/h3>\n\n\n\n<p>Al\u00e9m da capacidade, entender as dimens\u00f5es da refresqueira industrial \u00e9 fundamental para um bom planejamento do espa\u00e7o. O modelo de 50 litros possui 87 cm de altura, 50,6 cm de largura e profundidade, com peso aproximado de 34 kg.<\/p>\n\n\n\n<p>A vers\u00e3o de 100 litros mede 115 cm de altura, 50,6 cm de largura e 62,6 cm de profundidade, pesando cerca de 54 kg. J\u00e1 a refresqueira industrial de 150 litros tem 126 cm de altura, 62,6 cm de largura e profundidade, com peso de 60 kg.<\/p>\n\n\n\n<p>Essas informa\u00e7\u00f5es ajudam a prever pontos el\u00e9tricos, circula\u00e7\u00e3o de pessoas e ergonomia no ambiente. Um equipamento bem posicionado otimiza o fluxo de trabalho e reduz riscos operacionais.<\/p>\n\n\n\n<ul class=\"wp-block-list\">\n<li><a href=\"https:\/\/begel.com.br\/blog\/bebedouro-de-coluna-qual-o-modelo-mais-eficiente\/\">Bebedouro de coluna: qual o modelo mais eficiente?<\/a><\/li>\n<\/ul>\n\n\n\n<h2 class=\"wp-block-heading\"><span class=\"ez-toc-section\" id=\"Onde_a_refresqueira_industrial_Begel_faz_mais_diferenca\"><\/span>Onde a refresqueira industrial Begel faz mais diferen\u00e7a<span class=\"ez-toc-section-end\"><\/span><\/h2>\n\n\n\n<p>A refresqueira industrial \u00e9 extremamente vers\u00e1til, mas alguns ambientes se beneficiam ainda mais do seu uso. Restaurantes e cozinhas industriais ganham agilidade no atendimento, mantendo sucos sempre prontos e na temperatura correta.<\/p>\n\n\n\n<p>Em hospitais, a confiabilidade do equipamento \u00e9 essencial. <strong>Sil\u00eancio, estabilidade t\u00e9rmica e higiene<\/strong> s\u00e3o fatores cr\u00edticos, e a refresqueira industrial Begel atende a esses crit\u00e9rios com precis\u00e3o.<\/p>\n\n\n\n<p>Escolas e refeit\u00f3rios tamb\u00e9m se beneficiam da autonomia e da seguran\u00e7a oferecidas pelo equipamento. Servir bebidas geladas de forma padronizada contribui para uma experi\u00eancia mais organizada e eficiente, mesmo em hor\u00e1rios de grande movimento.<\/p>\n\n\n\n<ul class=\"wp-block-list\">\n<li><a href=\"https:\/\/begel.com.br\/blog\/empresa-de-equipamentos-de-refrigeracao-comercial-conheca-a-begel\/\">Empresa de equipamentos de refrigera\u00e7\u00e3o comercial: conhe\u00e7a a Begel<\/a><\/li>\n<\/ul>\n\n\n\n<h2 class=\"wp-block-heading\"><span class=\"ez-toc-section\" id=\"Refresqueira_industrial_como_investimento_de_longo_prazo\"><\/span>Refresqueira industrial como investimento de longo prazo<span class=\"ez-toc-section-end\"><\/span><\/h2>\n\n\n\n<p>Mais do que um custo, a refresqueira industrial deve ser vista como um investimento. Equipamentos adequados reduzem falhas, diminuem gastos com manuten\u00e7\u00e3o e aumentam a vida \u00fatil da opera\u00e7\u00e3o como um todo.<\/p>\n\n\n\n<p>Quando o estabelecimento escolhe uma refresqueira industrial Begel, est\u00e1 optando por <strong>confiabilidade, efici\u00eancia energ\u00e9tica e seguran\u00e7a sanit\u00e1ria<\/strong>. Esses fatores impactam diretamente na percep\u00e7\u00e3o de qualidade do servi\u00e7o oferecido.<\/p>\n\n\n\n<p>No fim das contas, servir uma bebida sempre gelada, no ponto certo, sem imprevistos, \u00e9 um detalhe que o cliente percebe. E detalhes constroem reputa\u00e7\u00e3o.<\/p>\n\n\n\n<p>Quer saber qual modelo de refresqueira industrial \u00e9 ideal para o seu neg\u00f3cio? Entre em contato com a Begel e solicite uma orienta\u00e7\u00e3o especializada.<\/p>\n","protected":false},"excerpt":{"rendered":"<p><span class=\"span-reading-time rt-reading-time\" style=\"display: block;\"><span class=\"rt-label rt-prefix\">Tempo de leitura:<\/span> <span class=\"rt-time\"> 4<\/span> <span class=\"rt-label rt-postfix\">minutos<\/span><\/span>Refresqueira industrial Begel garante bebidas geladas, efici\u00eancia energ\u00e9tica e higiene para restaurantes, hospitais e refeit\u00f3rios. A refresqueira industrial deixou de ser apenas um equipamento de apoio e passou a ocupar um papel estrat\u00e9gico em cozinhas profissionais. Em ambientes onde o fluxo \u00e9 constante e a exig\u00eancia por qualidade \u00e9 alta, servir bebidas sempre geladas faz &hellip; <\/p>\n","protected":false},"author":2,"featured_media":127,"comment_status":"open","ping_status":"open","sticky":false,"template":"","format":"standard","meta":{"footnotes":""},"categories":[99],"tags":[630,622,629,632,636,642,623,575,621,337,619,620,618,613,643,634,626,624,614,635,627,640,628,639,641,633,637,625,638,631,616,615,617,485,479],"class_list":["post-155","post","type-post","status-publish","format-standard","has-post-thumbnail","hentry","category-refresqueira","tag-como-funciona-refresqueira-industrial","tag-equipamento-para-cozinha-industrial","tag-o-que-e-refresqueira-industrial","tag-qual-a-melhor-refresqueira-industrial","tag-qual-capacidade-de-refresqueira-industrial-escolher","tag-quanto-tempo-a-refresqueira-industrial-gela","tag-refresqueira-aco-inox","tag-refresqueira-certificada-inmetro","tag-refresqueira-de-suco-industrial","tag-refresqueira-industrial","tag-refresqueira-industrial-100-litros","tag-refresqueira-industrial-150-litros","tag-refresqueira-industrial-50-litros","tag-refresqueira-industrial-begel","tag-refresqueira-industrial-begel-e-confiavel","tag-refresqueira-industrial-consome-muita-energia","tag-refresqueira-industrial-eco-friendly","tag-refresqueira-industrial-economica","tag-refresqueira-industrial-inox","tag-refresqueira-industrial-inox-e-melhor","tag-refresqueira-industrial-para-empresas","tag-refresqueira-industrial-para-escola","tag-refresqueira-industrial-para-grandes-volumes","tag-refresqueira-industrial-para-hospital","tag-refresqueira-industrial-para-refeitorio","tag-refresqueira-industrial-para-restaurante-e-necessaria","tag-refresqueira-industrial-precisa-de-manutencao","tag-refresqueira-industrial-silenciosa","tag-refresqueira-industrial-tem-certificacao-inmetro","tag-refresqueira-industrial-vale-a-pena","tag-refresqueira-para-escola","tag-refresqueira-para-hospital","tag-refresqueira-para-refeitorio","tag-refresqueira-para-restaurante","tag-refresqueira-profissional","latest_post"],"yoast_head":"<!-- This site is optimized with the Yoast SEO plugin v27.2 - https:\/\/yoast.com\/product\/yoast-seo-wordpress\/ -->\n<title>Conte com a refresqueira industrial da Begel em seu estabelecimento - Blog Begel<\/title>\n<meta name=\"description\" content=\"Refresqueira industrial Begel garante bebidas geladas, efici\u00eancia energ\u00e9tica e higiene para restaurantes, hospitais e refeit\u00f3rios.\" \/>\n<meta name=\"robots\" content=\"index, follow, max-snippet:-1, max-image-preview:large, max-video-preview:-1\" \/>\n<link rel=\"canonical\" href=\"https:\/\/begel.com.br\/blog\/conte-com-a-refresqueira-industrial-da-begel-em-seu-estabelecimento\/\" \/>\n<meta property=\"og:locale\" content=\"pt_BR\" \/>\n<meta property=\"og:type\" content=\"article\" \/>\n<meta property=\"og:title\" content=\"Conte com a refresqueira industrial da Begel em seu estabelecimento - Blog Begel\" \/>\n<meta property=\"og:description\" content=\"Refresqueira industrial Begel garante bebidas geladas, efici\u00eancia energ\u00e9tica e higiene para restaurantes, hospitais e refeit\u00f3rios.\" \/>\n<meta property=\"og:url\" content=\"https:\/\/begel.com.br\/blog\/conte-com-a-refresqueira-industrial-da-begel-em-seu-estabelecimento\/\" \/>\n<meta property=\"og:site_name\" content=\"Blog Begel\" \/>\n<meta property=\"article:published_time\" content=\"2026-02-13T19:42:55+00:00\" \/>\n<meta property=\"article:modified_time\" content=\"2026-02-13T19:44:26+00:00\" \/>\n<meta property=\"og:image\" content=\"https:\/\/begel.com.br\/blog\/wp-content\/uploads\/2025\/11\/industrial_50-1.png\" \/>\n\t<meta property=\"og:image:width\" content=\"800\" \/>\n\t<meta property=\"og:image:height\" content=\"800\" \/>\n\t<meta property=\"og:image:type\" content=\"image\/png\" \/>\n<meta name=\"author\" content=\"admin\" \/>\n<meta name=\"twitter:card\" content=\"summary_large_image\" \/>\n<meta name=\"twitter:label1\" content=\"Escrito por\" \/>\n\t<meta name=\"twitter:data1\" content=\"admin\" \/>\n\t<meta name=\"twitter:label2\" content=\"Est. tempo de leitura\" \/>\n\t<meta name=\"twitter:data2\" content=\"7 minutos\" \/>\n<script type=\"application\/ld+json\" class=\"yoast-schema-graph\">{\"@context\":\"https:\/\/schema.org\",\"@graph\":[{\"@type\":\"Article\",\"@id\":\"https:\/\/begel.com.br\/blog\/conte-com-a-refresqueira-industrial-da-begel-em-seu-estabelecimento\/#article\",\"isPartOf\":{\"@id\":\"https:\/\/begel.com.br\/blog\/conte-com-a-refresqueira-industrial-da-begel-em-seu-estabelecimento\/\"},\"author\":{\"name\":\"admin\",\"@id\":\"https:\/\/begel.com.br\/blog\/#\/schema\/person\/8cf24de6b221fe622e543da7c15e4939\"},\"headline\":\"Conte com a refresqueira industrial da Begel em seu estabelecimento\",\"datePublished\":\"2026-02-13T19:42:55+00:00\",\"dateModified\":\"2026-02-13T19:44:26+00:00\",\"mainEntityOfPage\":{\"@id\":\"https:\/\/begel.com.br\/blog\/conte-com-a-refresqueira-industrial-da-begel-em-seu-estabelecimento\/\"},\"wordCount\":1130,\"commentCount\":0,\"publisher\":{\"@id\":\"https:\/\/begel.com.br\/blog\/#organization\"},\"image\":{\"@id\":\"https:\/\/begel.com.br\/blog\/conte-com-a-refresqueira-industrial-da-begel-em-seu-estabelecimento\/#primaryimage\"},\"thumbnailUrl\":\"https:\/\/begel.com.br\/blog\/wp-content\/uploads\/2025\/11\/industrial_50-1.png\",\"keywords\":[\"como funciona refresqueira industrial\",\"equipamento para cozinha industrial\",\"o que \u00e9 refresqueira industrial\",\"qual a melhor refresqueira industrial\",\"qual capacidade de refresqueira industrial escolher\",\"quanto tempo a refresqueira industrial gela\",\"refresqueira a\u00e7o inox\",\"refresqueira certificada Inmetro\",\"refresqueira de suco industrial\",\"refresqueira industrial\",\"refresqueira industrial 100 litros\",\"refresqueira industrial 150 litros\",\"refresqueira industrial 50 litros\",\"refresqueira industrial Begel\",\"refresqueira industrial Begel \u00e9 confi\u00e1vel\",\"refresqueira industrial consome muita energia\",\"refresqueira industrial eco-friendly\",\"refresqueira industrial econ\u00f4mica\",\"refresqueira industrial inox\",\"refresqueira industrial inox \u00e9 melhor\",\"refresqueira industrial para empresas\",\"refresqueira industrial para escola\",\"refresqueira industrial para grandes volumes\",\"refresqueira industrial para hospital\",\"refresqueira industrial para refeit\u00f3rio\",\"refresqueira industrial para restaurante \u00e9 necess\u00e1ria\",\"refresqueira industrial precisa de manuten\u00e7\u00e3o\",\"refresqueira industrial silenciosa\",\"refresqueira industrial tem certifica\u00e7\u00e3o Inmetro\",\"refresqueira industrial vale a pena\",\"refresqueira para escola\",\"refresqueira para hospital\",\"refresqueira para refeit\u00f3rio\",\"refresqueira para restaurante\",\"refresqueira profissional\"],\"articleSection\":[\"Refresqueira\"],\"inLanguage\":\"pt-BR\",\"potentialAction\":[{\"@type\":\"CommentAction\",\"name\":\"Comment\",\"target\":[\"https:\/\/begel.com.br\/blog\/conte-com-a-refresqueira-industrial-da-begel-em-seu-estabelecimento\/#respond\"]}]},{\"@type\":\"WebPage\",\"@id\":\"https:\/\/begel.com.br\/blog\/conte-com-a-refresqueira-industrial-da-begel-em-seu-estabelecimento\/\",\"url\":\"https:\/\/begel.com.br\/blog\/conte-com-a-refresqueira-industrial-da-begel-em-seu-estabelecimento\/\",\"name\":\"Conte com a refresqueira industrial da Begel em seu estabelecimento - Blog Begel\",\"isPartOf\":{\"@id\":\"https:\/\/begel.com.br\/blog\/#website\"},\"primaryImageOfPage\":{\"@id\":\"https:\/\/begel.com.br\/blog\/conte-com-a-refresqueira-industrial-da-begel-em-seu-estabelecimento\/#primaryimage\"},\"image\":{\"@id\":\"https:\/\/begel.com.br\/blog\/conte-com-a-refresqueira-industrial-da-begel-em-seu-estabelecimento\/#primaryimage\"},\"thumbnailUrl\":\"https:\/\/begel.com.br\/blog\/wp-content\/uploads\/2025\/11\/industrial_50-1.png\",\"datePublished\":\"2026-02-13T19:42:55+00:00\",\"dateModified\":\"2026-02-13T19:44:26+00:00\",\"description\":\"Refresqueira industrial Begel garante bebidas geladas, efici\u00eancia energ\u00e9tica e higiene para restaurantes, hospitais e refeit\u00f3rios.\",\"breadcrumb\":{\"@id\":\"https:\/\/begel.com.br\/blog\/conte-com-a-refresqueira-industrial-da-begel-em-seu-estabelecimento\/#breadcrumb\"},\"inLanguage\":\"pt-BR\",\"potentialAction\":[{\"@type\":\"ReadAction\",\"target\":[\"https:\/\/begel.com.br\/blog\/conte-com-a-refresqueira-industrial-da-begel-em-seu-estabelecimento\/\"]}]},{\"@type\":\"ImageObject\",\"inLanguage\":\"pt-BR\",\"@id\":\"https:\/\/begel.com.br\/blog\/conte-com-a-refresqueira-industrial-da-begel-em-seu-estabelecimento\/#primaryimage\",\"url\":\"https:\/\/begel.com.br\/blog\/wp-content\/uploads\/2025\/11\/industrial_50-1.png\",\"contentUrl\":\"https:\/\/begel.com.br\/blog\/wp-content\/uploads\/2025\/11\/industrial_50-1.png\",\"width\":800,\"height\":800,\"caption\":\"Conte com a refresqueira industrial da Begel em seu estabelecimento\"},{\"@type\":\"BreadcrumbList\",\"@id\":\"https:\/\/begel.com.br\/blog\/conte-com-a-refresqueira-industrial-da-begel-em-seu-estabelecimento\/#breadcrumb\",\"itemListElement\":[{\"@type\":\"ListItem\",\"position\":1,\"name\":\"In\u00edcio\",\"item\":\"https:\/\/begel.com.br\/blog\/\"},{\"@type\":\"ListItem\",\"position\":2,\"name\":\"Conte com a refresqueira industrial da Begel em seu estabelecimento\"}]},{\"@type\":\"WebSite\",\"@id\":\"https:\/\/begel.com.br\/blog\/#website\",\"url\":\"https:\/\/begel.com.br\/blog\/\",\"name\":\"Blog Begel\",\"description\":\"Qualidade pensando em voc\u00ea!\",\"publisher\":{\"@id\":\"https:\/\/begel.com.br\/blog\/#organization\"},\"potentialAction\":[{\"@type\":\"SearchAction\",\"target\":{\"@type\":\"EntryPoint\",\"urlTemplate\":\"https:\/\/begel.com.br\/blog\/?s={search_term_string}\"},\"query-input\":{\"@type\":\"PropertyValueSpecification\",\"valueRequired\":true,\"valueName\":\"search_term_string\"}}],\"inLanguage\":\"pt-BR\"},{\"@type\":\"Organization\",\"@id\":\"https:\/\/begel.com.br\/blog\/#organization\",\"name\":\"Blog Begel\",\"url\":\"https:\/\/begel.com.br\/blog\/\",\"logo\":{\"@type\":\"ImageObject\",\"inLanguage\":\"pt-BR\",\"@id\":\"https:\/\/begel.com.br\/blog\/#\/schema\/logo\/image\/\",\"url\":\"https:\/\/begel.com.br\/blog\/wp-content\/uploads\/2025\/03\/logobegelll.png\",\"contentUrl\":\"https:\/\/begel.com.br\/blog\/wp-content\/uploads\/2025\/03\/logobegelll.png\",\"width\":223,\"height\":52,\"caption\":\"Blog Begel\"},\"image\":{\"@id\":\"https:\/\/begel.com.br\/blog\/#\/schema\/logo\/image\/\"}},{\"@type\":\"Person\",\"@id\":\"https:\/\/begel.com.br\/blog\/#\/schema\/person\/8cf24de6b221fe622e543da7c15e4939\",\"name\":\"admin\",\"image\":{\"@type\":\"ImageObject\",\"inLanguage\":\"pt-BR\",\"@id\":\"https:\/\/secure.gravatar.com\/avatar\/0c35c1987e27da99c70b0996ba9e9a6b78e67bef84fab8227e88c2c44b594cd5?s=96&d=mm&r=g\",\"url\":\"https:\/\/secure.gravatar.com\/avatar\/0c35c1987e27da99c70b0996ba9e9a6b78e67bef84fab8227e88c2c44b594cd5?s=96&d=mm&r=g\",\"contentUrl\":\"https:\/\/secure.gravatar.com\/avatar\/0c35c1987e27da99c70b0996ba9e9a6b78e67bef84fab8227e88c2c44b594cd5?s=96&d=mm&r=g\",\"caption\":\"admin\"},\"url\":\"https:\/\/begel.com.br\/blog\/author\/admin\/\"}]}<\/script>\n<!-- \/ Yoast SEO plugin. -->","yoast_head_json":{"title":"Conte com a refresqueira industrial da Begel em seu estabelecimento - Blog Begel","description":"Refresqueira industrial Begel garante bebidas geladas, efici\u00eancia energ\u00e9tica e higiene para restaurantes, hospitais e refeit\u00f3rios.","robots":{"index":"index","follow":"follow","max-snippet":"max-snippet:-1","max-image-preview":"max-image-preview:large","max-video-preview":"max-video-preview:-1"},"canonical":"https:\/\/begel.com.br\/blog\/conte-com-a-refresqueira-industrial-da-begel-em-seu-estabelecimento\/","og_locale":"pt_BR","og_type":"article","og_title":"Conte com a refresqueira industrial da Begel em seu estabelecimento - Blog Begel","og_description":"Refresqueira industrial Begel garante bebidas geladas, efici\u00eancia energ\u00e9tica e higiene para restaurantes, hospitais e refeit\u00f3rios.","og_url":"https:\/\/begel.com.br\/blog\/conte-com-a-refresqueira-industrial-da-begel-em-seu-estabelecimento\/","og_site_name":"Blog Begel","article_published_time":"2026-02-13T19:42:55+00:00","article_modified_time":"2026-02-13T19:44:26+00:00","og_image":[{"width":800,"height":800,"url":"https:\/\/begel.com.br\/blog\/wp-content\/uploads\/2025\/11\/industrial_50-1.png","type":"image\/png"}],"author":"admin","twitter_card":"summary_large_image","twitter_misc":{"Escrito por":"admin","Est. tempo de leitura":"7 minutos"},"schema":{"@context":"https:\/\/schema.org","@graph":[{"@type":"Article","@id":"https:\/\/begel.com.br\/blog\/conte-com-a-refresqueira-industrial-da-begel-em-seu-estabelecimento\/#article","isPartOf":{"@id":"https:\/\/begel.com.br\/blog\/conte-com-a-refresqueira-industrial-da-begel-em-seu-estabelecimento\/"},"author":{"name":"admin","@id":"https:\/\/begel.com.br\/blog\/#\/schema\/person\/8cf24de6b221fe622e543da7c15e4939"},"headline":"Conte com a refresqueira industrial da Begel em seu estabelecimento","datePublished":"2026-02-13T19:42:55+00:00","dateModified":"2026-02-13T19:44:26+00:00","mainEntityOfPage":{"@id":"https:\/\/begel.com.br\/blog\/conte-com-a-refresqueira-industrial-da-begel-em-seu-estabelecimento\/"},"wordCount":1130,"commentCount":0,"publisher":{"@id":"https:\/\/begel.com.br\/blog\/#organization"},"image":{"@id":"https:\/\/begel.com.br\/blog\/conte-com-a-refresqueira-industrial-da-begel-em-seu-estabelecimento\/#primaryimage"},"thumbnailUrl":"https:\/\/begel.com.br\/blog\/wp-content\/uploads\/2025\/11\/industrial_50-1.png","keywords":["como funciona refresqueira industrial","equipamento para cozinha industrial","o que \u00e9 refresqueira industrial","qual a melhor refresqueira industrial","qual capacidade de refresqueira industrial escolher","quanto tempo a refresqueira industrial gela","refresqueira a\u00e7o inox","refresqueira certificada Inmetro","refresqueira de suco industrial","refresqueira industrial","refresqueira industrial 100 litros","refresqueira industrial 150 litros","refresqueira industrial 50 litros","refresqueira industrial Begel","refresqueira industrial Begel \u00e9 confi\u00e1vel","refresqueira industrial consome muita energia","refresqueira industrial eco-friendly","refresqueira industrial econ\u00f4mica","refresqueira industrial inox","refresqueira industrial inox \u00e9 melhor","refresqueira industrial para empresas","refresqueira industrial para escola","refresqueira industrial para grandes volumes","refresqueira industrial para hospital","refresqueira industrial para refeit\u00f3rio","refresqueira industrial para restaurante \u00e9 necess\u00e1ria","refresqueira industrial precisa de manuten\u00e7\u00e3o","refresqueira industrial silenciosa","refresqueira industrial tem certifica\u00e7\u00e3o Inmetro","refresqueira industrial vale a pena","refresqueira para escola","refresqueira para hospital","refresqueira para refeit\u00f3rio","refresqueira para restaurante","refresqueira profissional"],"articleSection":["Refresqueira"],"inLanguage":"pt-BR","potentialAction":[{"@type":"CommentAction","name":"Comment","target":["https:\/\/begel.com.br\/blog\/conte-com-a-refresqueira-industrial-da-begel-em-seu-estabelecimento\/#respond"]}]},{"@type":"WebPage","@id":"https:\/\/begel.com.br\/blog\/conte-com-a-refresqueira-industrial-da-begel-em-seu-estabelecimento\/","url":"https:\/\/begel.com.br\/blog\/conte-com-a-refresqueira-industrial-da-begel-em-seu-estabelecimento\/","name":"Conte com a refresqueira industrial da Begel em seu estabelecimento - Blog Begel","isPartOf":{"@id":"https:\/\/begel.com.br\/blog\/#website"},"primaryImageOfPage":{"@id":"https:\/\/begel.com.br\/blog\/conte-com-a-refresqueira-industrial-da-begel-em-seu-estabelecimento\/#primaryimage"},"image":{"@id":"https:\/\/begel.com.br\/blog\/conte-com-a-refresqueira-industrial-da-begel-em-seu-estabelecimento\/#primaryimage"},"thumbnailUrl":"https:\/\/begel.com.br\/blog\/wp-content\/uploads\/2025\/11\/industrial_50-1.png","datePublished":"2026-02-13T19:42:55+00:00","dateModified":"2026-02-13T19:44:26+00:00","description":"Refresqueira industrial Begel garante bebidas geladas, efici\u00eancia energ\u00e9tica e higiene para restaurantes, hospitais e refeit\u00f3rios.","breadcrumb":{"@id":"https:\/\/begel.com.br\/blog\/conte-com-a-refresqueira-industrial-da-begel-em-seu-estabelecimento\/#breadcrumb"},"inLanguage":"pt-BR","potentialAction":[{"@type":"ReadAction","target":["https:\/\/begel.com.br\/blog\/conte-com-a-refresqueira-industrial-da-begel-em-seu-estabelecimento\/"]}]},{"@type":"ImageObject","inLanguage":"pt-BR","@id":"https:\/\/begel.com.br\/blog\/conte-com-a-refresqueira-industrial-da-begel-em-seu-estabelecimento\/#primaryimage","url":"https:\/\/begel.com.br\/blog\/wp-content\/uploads\/2025\/11\/industrial_50-1.png","contentUrl":"https:\/\/begel.com.br\/blog\/wp-content\/uploads\/2025\/11\/industrial_50-1.png","width":800,"height":800,"caption":"Conte com a refresqueira industrial da Begel em seu estabelecimento"},{"@type":"BreadcrumbList","@id":"https:\/\/begel.com.br\/blog\/conte-com-a-refresqueira-industrial-da-begel-em-seu-estabelecimento\/#breadcrumb","itemListElement":[{"@type":"ListItem","position":1,"name":"In\u00edcio","item":"https:\/\/begel.com.br\/blog\/"},{"@type":"ListItem","position":2,"name":"Conte com a refresqueira industrial da Begel em seu estabelecimento"}]},{"@type":"WebSite","@id":"https:\/\/begel.com.br\/blog\/#website","url":"https:\/\/begel.com.br\/blog\/","name":"Blog Begel","description":"Qualidade pensando em voc\u00ea!","publisher":{"@id":"https:\/\/begel.com.br\/blog\/#organization"},"potentialAction":[{"@type":"SearchAction","target":{"@type":"EntryPoint","urlTemplate":"https:\/\/begel.com.br\/blog\/?s={search_term_string}"},"query-input":{"@type":"PropertyValueSpecification","valueRequired":true,"valueName":"search_term_string"}}],"inLanguage":"pt-BR"},{"@type":"Organization","@id":"https:\/\/begel.com.br\/blog\/#organization","name":"Blog Begel","url":"https:\/\/begel.com.br\/blog\/","logo":{"@type":"ImageObject","inLanguage":"pt-BR","@id":"https:\/\/begel.com.br\/blog\/#\/schema\/logo\/image\/","url":"https:\/\/begel.com.br\/blog\/wp-content\/uploads\/2025\/03\/logobegelll.png","contentUrl":"https:\/\/begel.com.br\/blog\/wp-content\/uploads\/2025\/03\/logobegelll.png","width":223,"height":52,"caption":"Blog Begel"},"image":{"@id":"https:\/\/begel.com.br\/blog\/#\/schema\/logo\/image\/"}},{"@type":"Person","@id":"https:\/\/begel.com.br\/blog\/#\/schema\/person\/8cf24de6b221fe622e543da7c15e4939","name":"admin","image":{"@type":"ImageObject","inLanguage":"pt-BR","@id":"https:\/\/secure.gravatar.com\/avatar\/0c35c1987e27da99c70b0996ba9e9a6b78e67bef84fab8227e88c2c44b594cd5?s=96&d=mm&r=g","url":"https:\/\/secure.gravatar.com\/avatar\/0c35c1987e27da99c70b0996ba9e9a6b78e67bef84fab8227e88c2c44b594cd5?s=96&d=mm&r=g","contentUrl":"https:\/\/secure.gravatar.com\/avatar\/0c35c1987e27da99c70b0996ba9e9a6b78e67bef84fab8227e88c2c44b594cd5?s=96&d=mm&r=g","caption":"admin"},"url":"https:\/\/begel.com.br\/blog\/author\/admin\/"}]}},"_links":{"self":[{"href":"https:\/\/begel.com.br\/blog\/wp-json\/wp\/v2\/posts\/155","targetHints":{"allow":["GET"]}}],"collection":[{"href":"https:\/\/begel.com.br\/blog\/wp-json\/wp\/v2\/posts"}],"about":[{"href":"https:\/\/begel.com.br\/blog\/wp-json\/wp\/v2\/types\/post"}],"author":[{"embeddable":true,"href":"https:\/\/begel.com.br\/blog\/wp-json\/wp\/v2\/users\/2"}],"replies":[{"embeddable":true,"href":"https:\/\/begel.com.br\/blog\/wp-json\/wp\/v2\/comments?post=155"}],"version-history":[{"count":1,"href":"https:\/\/begel.com.br\/blog\/wp-json\/wp\/v2\/posts\/155\/revisions"}],"predecessor-version":[{"id":157,"href":"https:\/\/begel.com.br\/blog\/wp-json\/wp\/v2\/posts\/155\/revisions\/157"}],"wp:featuredmedia":[{"embeddable":true,"href":"https:\/\/begel.com.br\/blog\/wp-json\/wp\/v2\/media\/127"}],"wp:attachment":[{"href":"https:\/\/begel.com.br\/blog\/wp-json\/wp\/v2\/media?parent=155"}],"wp:term":[{"taxonomy":"category","embeddable":true,"href":"https:\/\/begel.com.br\/blog\/wp-json\/wp\/v2\/categories?post=155"},{"taxonomy":"post_tag","embeddable":true,"href":"https:\/\/begel.com.br\/blog\/wp-json\/wp\/v2\/tags?post=155"}],"curies":[{"name":"wp","href":"https:\/\/api.w.org\/{rel}","templated":true}]}}