{"id":142,"date":"2026-01-20T12:03:30","date_gmt":"2026-01-20T15:03:30","guid":{"rendered":"https:\/\/begel.com.br\/blog\/?p=142"},"modified":"2026-01-20T12:03:31","modified_gmt":"2026-01-20T15:03:31","slug":"saiba-as-vantagens-de-optar-por-uma-refresqueira-comercial-dupla","status":"publish","type":"post","link":"https:\/\/begel.com.br\/blog\/saiba-as-vantagens-de-optar-por-uma-refresqueira-comercial-dupla\/","title":{"rendered":"Saiba as vantagens de optar por uma refresqueira comercial dupla"},"content":{"rendered":"<span class=\"span-reading-time rt-reading-time\" style=\"display: block;\"><span class=\"rt-label rt-prefix\">Tempo de leitura:<\/span> <span class=\"rt-time\"> 3<\/span> <span class=\"rt-label rt-postfix\">minutos<\/span><\/span>\n<p class=\"has-medium-font-size\"><strong><em>Descubra por que a refresqueira comercial dupla \u00e9 o equipamento ideal para o seu com\u00e9rcio e como ela aumenta a efici\u00eancia e a qualidade do atendimento.<\/em><\/strong><\/p>\n\n\n\n<p>Em bares, padarias, restaurantes e lanchonetes, oferecer bebidas sempre frescas \u00e9 um diferencial competitivo. A <strong>refresqueira comercial dupla<\/strong> surgiu como uma solu\u00e7\u00e3o moderna, eficiente e de alta capacidade para atender \u00e0 grande demanda de sucos, \u00e1gua de coco e outras bebidas frias.<\/p>\n\n\n\n<p><strong>Por isso<\/strong>, investir nesse equipamento \u00e9 uma forma inteligente de aumentar a produtividade do seu neg\u00f3cio e garantir a satisfa\u00e7\u00e3o do cliente.<\/p>\n\n\n\n<p>Al\u00e9m disso, a <strong>Begel<\/strong>, refer\u00eancia nacional em refrigera\u00e7\u00e3o comercial, desenvolveu a linha <strong>Juice Plus II<\/strong>, que une tecnologia, design moderno e baixo consumo de energia. <strong>Sendo assim<\/strong>, trata-se de uma op\u00e7\u00e3o completa para quem busca qualidade e desempenho.<\/p>\n\n\n\n<ul class=\"wp-block-list\">\n<li><a href=\"https:\/\/begel.com.br\/blog\/conheca-a-facilidade-do-bebedouro-de-mesa-da-begel\/\">Conhe\u00e7a a facilidade do bebedouro de mesa da BEGEL<\/a><\/li>\n\n\n\n<li><a href=\"https:\/\/begel.com.br\/blog\/refresqueira-rfi-seu-suco-na-temperatura-certa\/\">Refresqueira RFI: seu suco na temperatura certa<\/a><\/li>\n<\/ul>\n\n\n\n<div id=\"ez-toc-container\" class=\"ez-toc-v2_0_81 counter-hierarchy ez-toc-counter ez-toc-grey ez-toc-container-direction\">\n<div class=\"ez-toc-title-container\">\n<p class=\"ez-toc-title\" style=\"cursor:inherit\">O que abordaremos neste artigo:<\/p>\n<span class=\"ez-toc-title-toggle\"><a href=\"#\" class=\"ez-toc-pull-right ez-toc-btn ez-toc-btn-xs ez-toc-btn-default ez-toc-toggle\" aria-label=\"Alternar tabela de conte\u00fado\"><span class=\"ez-toc-js-icon-con\"><span class=\"\"><span class=\"eztoc-hide\" style=\"display:none;\">Toggle<\/span><span class=\"ez-toc-icon-toggle-span\"><svg style=\"fill: #999;color:#999\" xmlns=\"http:\/\/www.w3.org\/2000\/svg\" class=\"list-377408\" width=\"20px\" height=\"20px\" viewBox=\"0 0 24 24\" fill=\"none\"><path d=\"M6 6H4v2h2V6zm14 0H8v2h12V6zM4 11h2v2H4v-2zm16 0H8v2h12v-2zM4 16h2v2H4v-2zm16 0H8v2h12v-2z\" fill=\"currentColor\"><\/path><\/svg><svg style=\"fill: #999;color:#999\" class=\"arrow-unsorted-368013\" xmlns=\"http:\/\/www.w3.org\/2000\/svg\" width=\"10px\" height=\"10px\" viewBox=\"0 0 24 24\" version=\"1.2\" baseProfile=\"tiny\"><path d=\"M18.2 9.3l-6.2-6.3-6.2 6.3c-.2.2-.3.4-.3.7s.1.5.3.7c.2.2.4.3.7.3h11c.3 0 .5-.1.7-.3.2-.2.3-.5.3-.7s-.1-.5-.3-.7zM5.8 14.7l6.2 6.3 6.2-6.3c.2-.2.3-.5.3-.7s-.1-.5-.3-.7c-.2-.2-.4-.3-.7-.3h-11c-.3 0-.5.1-.7.3-.2.2-.3.5-.3.7s.1.5.3.7z\"\/><\/svg><\/span><\/span><\/span><\/a><\/span><\/div>\n<nav><ul class='ez-toc-list ez-toc-list-level-1 ' ><li class='ez-toc-page-1 ez-toc-heading-level-2'><a class=\"ez-toc-link ez-toc-heading-1\" href=\"https:\/\/begel.com.br\/blog\/saiba-as-vantagens-de-optar-por-uma-refresqueira-comercial-dupla\/#Eficiencia_e_capacidade_da_refresqueira_comercial_dupla\" >Efici\u00eancia e capacidade da refresqueira comercial dupla<\/a><\/li><li class='ez-toc-page-1 ez-toc-heading-level-2'><a class=\"ez-toc-link ez-toc-heading-2\" href=\"https:\/\/begel.com.br\/blog\/saiba-as-vantagens-de-optar-por-uma-refresqueira-comercial-dupla\/#Design_moderno_e_materiais_de_alta_durabilidade\" >Design moderno e materiais de alta durabilidade<\/a><\/li><li class='ez-toc-page-1 ez-toc-heading-level-2'><a class=\"ez-toc-link ez-toc-heading-3\" href=\"https:\/\/begel.com.br\/blog\/saiba-as-vantagens-de-optar-por-uma-refresqueira-comercial-dupla\/#Vantagens_praticas_da_refresqueira_Begel\" >Vantagens pr\u00e1ticas da refresqueira Begel<\/a><\/li><li class='ez-toc-page-1 ez-toc-heading-level-2'><a class=\"ez-toc-link ez-toc-heading-4\" href=\"https:\/\/begel.com.br\/blog\/saiba-as-vantagens-de-optar-por-uma-refresqueira-comercial-dupla\/#Como_escolher_a_refresqueira_comercial_ideal\" >Como escolher a refresqueira comercial ideal<\/a><\/li><li class='ez-toc-page-1 ez-toc-heading-level-2'><a class=\"ez-toc-link ez-toc-heading-5\" href=\"https:\/\/begel.com.br\/blog\/saiba-as-vantagens-de-optar-por-uma-refresqueira-comercial-dupla\/#Refresqueira_comercial_dupla_como_investimento_certo\" >Refresqueira comercial dupla como investimento certo<\/a><\/li><\/ul><\/nav><\/div>\n<h2 class=\"wp-block-heading\"><span class=\"ez-toc-section\" id=\"Eficiencia_e_capacidade_da_refresqueira_comercial_dupla\"><\/span>Efici\u00eancia e capacidade da refresqueira comercial dupla<span class=\"ez-toc-section-end\"><\/span><\/h2>\n\n\n\n<p>A <strong>refresqueira comercial dupla<\/strong> da <strong>Begel<\/strong> \u00e9 projetada para oferecer m\u00e1ximo desempenho em ambientes de alto fluxo. Com <strong>duas cubas de 16 litros<\/strong>, ela permite armazenar e servir duas bebidas diferentes ao mesmo tempo \u2014 ideal para quem trabalha com sucos variados ou op\u00e7\u00f5es l\u00e1cteas.<\/p>\n\n\n\n<p>O sistema de resfriamento \u00e9 potente e silencioso, mantendo a temperatura de sa\u00edda em torno de <strong>8\u00b0C<\/strong> ap\u00f3s aproximadamente <strong>3 horas de refrigera\u00e7\u00e3o<\/strong>. <strong>Portanto<\/strong>, al\u00e9m de eficiente, garante estabilidade t\u00e9rmica e bebidas sempre frescas ao longo do dia.<\/p>\n\n\n\n<p>Outro diferencial \u00e9 o <strong>compressor silencioso e de baixo consumo<\/strong>, que proporciona economia de energia sem perder performance. O uso do <strong>g\u00e1s R134a<\/strong>, ecol\u00f3gico e n\u00e3o agressivo \u00e0 camada de oz\u00f4nio, refor\u00e7a o compromisso da marca com a sustentabilidade.<\/p>\n\n\n\n<p><strong>Sendo assim<\/strong>, a <strong>refresqueira Begel<\/strong> alia efici\u00eancia, economia e responsabilidade ambiental \u2014 tr\u00eas fatores indispens\u00e1veis para neg\u00f3cios modernos.<\/p>\n\n\n\n<ul class=\"wp-block-list\">\n<li><a href=\"https:\/\/begel.com.br\/blog\/conheca-os-equipamentos-de-refrigeracao-industrial-da-begel\/\">Conhe\u00e7a os equipamentos de refrigera\u00e7\u00e3o industrial da Begel<\/a><\/li>\n<\/ul>\n\n\n\n<h2 class=\"wp-block-heading\"><span class=\"ez-toc-section\" id=\"Design_moderno_e_materiais_de_alta_durabilidade\"><\/span>Design moderno e materiais de alta durabilidade<span class=\"ez-toc-section-end\"><\/span><\/h2>\n\n\n\n<p>O design da <strong>refresqueira comercial dupla Begel<\/strong> \u00e9 pensado para unir praticidade e eleg\u00e2ncia. O acabamento externo em <strong>a\u00e7o inox ou pintura eletrozincada<\/strong> oferece resist\u00eancia \u00e0 corros\u00e3o e um visual moderno que se integra facilmente a qualquer ambiente comercial.<\/p>\n\n\n\n<p>O <strong>reservat\u00f3rio graduado em policarbonato cristal<\/strong> \u00e9 outro destaque: al\u00e9m de ser <strong>altamente resistente a impactos<\/strong>, \u00e9 <strong>f\u00e1cil de limpar e higienizar<\/strong>, o que garante mais seguran\u00e7a alimentar.<\/p>\n\n\n\n<p><strong>Por isso<\/strong>, o modelo \u00e9 ideal para estabelecimentos que prezam pela est\u00e9tica e pela qualidade dos equipamentos. <strong>Al\u00e9m disso<\/strong>, sua estrutura compacta (66 cm x 41 cm x 46 cm) permite encaix\u00e1-la facilmente em balc\u00f5es e \u00e1reas de atendimento.<\/p>\n\n\n\n<p><strong>Ent\u00e3o<\/strong>, se o seu objetivo \u00e9 ter um equipamento funcional e bonito, a <strong>refresqueira dupla Begel<\/strong> \u00e9 a escolha certa.<\/p>\n\n\n\n<h2 class=\"wp-block-heading\"><span class=\"ez-toc-section\" id=\"Vantagens_praticas_da_refresqueira_Begel\"><\/span>Vantagens pr\u00e1ticas da refresqueira Begel<span class=\"ez-toc-section-end\"><\/span><\/h2>\n\n\n\n<p>As vantagens de investir em uma <strong>refresqueira comercial dupla Begel<\/strong> v\u00e3o muito al\u00e9m do design. Veja os principais benef\u00edcios:<\/p>\n\n\n\n<div class=\"wp-block-group is-nowrap is-layout-flex wp-container-core-group-is-layout-ad2f72ca wp-block-group-is-layout-flex\">\n<ul class=\"wp-block-list\">\n<li><strong>Alta capacidade:<\/strong> duas cubas de 16 litros permitem atender mais clientes simultaneamente.<\/li>\n\n\n\n<li><strong>Resfriamento r\u00e1pido:<\/strong> em apenas tr\u00eas horas, as bebidas atingem a temperatura ideal de consumo.<\/li>\n\n\n\n<li><strong>Baixo consumo de energia:<\/strong> compressor eficiente que reduz custos operacionais.<\/li>\n\n\n\n<li><strong>Sustentabilidade:<\/strong> utiliza g\u00e1s R134a, amigo do meio ambiente.<\/li>\n\n\n\n<li><strong>Silenciosa:<\/strong> garante conforto ac\u00fastico em ambientes fechados.<\/li>\n\n\n\n<li><strong>F\u00e1cil limpeza:<\/strong> reservat\u00f3rio remov\u00edvel em policarbonato transparente.<\/li>\n\n\n\n<li><strong>Certifica\u00e7\u00e3o Inmetro:<\/strong> assegura qualidade e conformidade t\u00e9cnica.<\/li>\n<\/ul>\n\n\n\n<figure class=\"wp-block-image size-full\"><img loading=\"lazy\" decoding=\"async\" width=\"800\" height=\"800\" src=\"https:\/\/begel.com.br\/blog\/wp-content\/uploads\/2026\/01\/comercial_dupla-1.png\" alt=\"\" class=\"wp-image-144\" srcset=\"https:\/\/begel.com.br\/blog\/wp-content\/uploads\/2026\/01\/comercial_dupla-1.png 800w, https:\/\/begel.com.br\/blog\/wp-content\/uploads\/2026\/01\/comercial_dupla-1-300x300.png 300w, https:\/\/begel.com.br\/blog\/wp-content\/uploads\/2026\/01\/comercial_dupla-1-150x150.png 150w, https:\/\/begel.com.br\/blog\/wp-content\/uploads\/2026\/01\/comercial_dupla-1-768x768.png 768w, https:\/\/begel.com.br\/blog\/wp-content\/uploads\/2026\/01\/comercial_dupla-1-60x60.png 60w\" sizes=\"auto, (max-width: 800px) 100vw, 800px\" \/><\/figure>\n<\/div>\n\n\n\n<p><strong>Portanto<\/strong>, trata-se de um investimento inteligente, especialmente para com\u00e9rcios que lidam com alto volume de vendas di\u00e1rias. <strong>Sendo assim<\/strong>, cada detalhe da <strong>refresqueira dupla Begel<\/strong> foi pensado para otimizar o atendimento e aumentar a lucratividade.<\/p>\n\n\n\n<h2 class=\"wp-block-heading\"><span class=\"ez-toc-section\" id=\"Como_escolher_a_refresqueira_comercial_ideal\"><\/span>Como escolher a refresqueira comercial ideal<span class=\"ez-toc-section-end\"><\/span><\/h2>\n\n\n\n<p>Ao escolher uma <strong>refresqueira comercial dupla<\/strong>, \u00e9 essencial considerar fatores como <strong>capacidade, consumo de energia e praticidade na limpeza<\/strong>.<\/p>\n\n\n\n<p><strong>A linha Juice Plus da Begel<\/strong> oferece quatro op\u00e7\u00f5es de modelos \u2014 em vers\u00f5es <strong>110V e 220V<\/strong>, tanto simples quanto dupla. Isso permite adaptar o equipamento \u00e0 estrutura el\u00e9trica e \u00e0s necessidades de cada neg\u00f3cio.<\/p>\n\n\n\n<p>Al\u00e9m disso, <strong>\u00e9 importante avaliar o tipo de bebida<\/strong> que ser\u00e1 servido. A <strong>refresqueira Begel<\/strong> \u00e9 compat\u00edvel com sucos naturais, bebidas l\u00e1cteas, ch\u00e1s gelados e \u00e1gua de coco, garantindo versatilidade e \u00f3timo desempenho em diferentes contextos comerciais.<\/p>\n\n\n\n<p><strong>Por isso<\/strong>, se voc\u00ea deseja um equipamento robusto, econ\u00f4mico e dur\u00e1vel, optar pela <strong>refresqueira comercial dupla Begel<\/strong> \u00e9 a decis\u00e3o mais segura e rent\u00e1vel.<\/p>\n\n\n\n<h2 class=\"wp-block-heading\"><span class=\"ez-toc-section\" id=\"Refresqueira_comercial_dupla_como_investimento_certo\"><\/span>Refresqueira comercial dupla como investimento certo<span class=\"ez-toc-section-end\"><\/span><\/h2>\n\n\n\n<p>Optar por uma <strong>refresqueira comercial dupla<\/strong> \u00e9 investir em <strong>efici\u00eancia, qualidade e durabilidade<\/strong>. O modelo <strong>Juice Plus II Begel<\/strong> entrega exatamente o que um com\u00e9rcio precisa: <strong>bebidas sempre geladas, economia de energia e design moderno<\/strong>.<\/p>\n\n\n\n<p><strong>Portanto<\/strong>, se o seu objetivo \u00e9 elevar o padr\u00e3o do seu atendimento e garantir satisfa\u00e7\u00e3o constante aos clientes, a escolha da <strong>refresqueira Begel<\/strong> \u00e9 o caminho ideal.<\/p>\n\n\n\n<p class=\"has-medium-font-size\"><strong><em><a href=\"https:\/\/api.whatsapp.com\/send?phone=551122078888&amp;text=Oi%2C%20encontrei%20o%20seu%20site%20e%20gostaria%20de%20algumas%20informa%C3%A7%C3%B5es%20por%20favor.\">Entre em contato<\/a> com a equipe de vendas para conhecer todos os modelos da linha Juice Plus e escolher a refresqueira perfeita para o seu estabelecimento.<\/em><\/strong><\/p>\n\n\n\n<p><\/p>\n","protected":false},"excerpt":{"rendered":"<p><span class=\"span-reading-time rt-reading-time\" style=\"display: block;\"><span class=\"rt-label rt-prefix\">Tempo de leitura:<\/span> <span class=\"rt-time\"> 3<\/span> <span class=\"rt-label rt-postfix\">minutos<\/span><\/span>Descubra por que a refresqueira comercial dupla \u00e9 o equipamento ideal para o seu com\u00e9rcio e como ela aumenta a efici\u00eancia e a qualidade do atendimento. Em bares, padarias, restaurantes e lanchonetes, oferecer bebidas sempre frescas \u00e9 um diferencial competitivo. A refresqueira comercial dupla surgiu como uma solu\u00e7\u00e3o moderna, eficiente e de alta capacidade para &hellip; <\/p>\n","protected":false},"author":2,"featured_media":143,"comment_status":"open","ping_status":"open","sticky":false,"template":"","format":"standard","meta":{"footnotes":""},"categories":[99],"tags":[272,518,580,291,574,79,575,290,578,516,579,540,87,576,573,91,581,577,89,92],"class_list":["post-142","post","type-post","status-publish","format-standard","has-post-thumbnail","hentry","category-refresqueira","tag-begel","tag-equipamentos-de-refrigeracao-begel","tag-refresqueira-110v","tag-refresqueira-16-litros","tag-refresqueira-220v","tag-refresqueira-begel","tag-refresqueira-certificada-inmetro","tag-refresqueira-comercial","tag-refresqueira-comercial-dupla","tag-refresqueira-dupla","tag-refresqueira-ecologica","tag-refresqueira-economica","tag-refresqueira-inox","tag-refresqueira-juice-plus","tag-refresqueira-juice-plus-ii","tag-refresqueira-para-agua-de-coco","tag-refresqueira-para-bebidas-lacteas","tag-refresqueira-para-cha-gelado","tag-refresqueira-para-sucos","tag-refresqueira-silenciosa","latest_post"],"yoast_head":"<!-- This site is optimized with the Yoast SEO plugin v27.2 - https:\/\/yoast.com\/product\/yoast-seo-wordpress\/ -->\n<title>Saiba as vantagens de optar por uma refresqueira comercial dupla - Blog Begel<\/title>\n<meta name=\"description\" content=\"Descubra por que a refresqueira comercial dupla \u00e9 o equipamento ideal para o seu com\u00e9rcio e como ela aumenta a efici\u00eancia.\" \/>\n<meta name=\"robots\" content=\"index, follow, max-snippet:-1, max-image-preview:large, max-video-preview:-1\" \/>\n<link rel=\"canonical\" href=\"https:\/\/begel.com.br\/blog\/saiba-as-vantagens-de-optar-por-uma-refresqueira-comercial-dupla\/\" \/>\n<meta property=\"og:locale\" content=\"pt_BR\" \/>\n<meta property=\"og:type\" content=\"article\" \/>\n<meta property=\"og:title\" content=\"Saiba as vantagens de optar por uma refresqueira comercial dupla - Blog Begel\" \/>\n<meta property=\"og:description\" content=\"Descubra por que a refresqueira comercial dupla \u00e9 o equipamento ideal para o seu com\u00e9rcio e como ela aumenta a efici\u00eancia.\" \/>\n<meta property=\"og:url\" content=\"https:\/\/begel.com.br\/blog\/saiba-as-vantagens-de-optar-por-uma-refresqueira-comercial-dupla\/\" \/>\n<meta property=\"og:site_name\" content=\"Blog Begel\" \/>\n<meta property=\"article:published_time\" content=\"2026-01-20T15:03:30+00:00\" \/>\n<meta property=\"article:modified_time\" content=\"2026-01-20T15:03:31+00:00\" \/>\n<meta property=\"og:image\" content=\"https:\/\/begel.com.br\/blog\/wp-content\/uploads\/2026\/01\/comercial_dupla.png\" \/>\n\t<meta property=\"og:image:width\" content=\"800\" \/>\n\t<meta property=\"og:image:height\" content=\"800\" \/>\n\t<meta property=\"og:image:type\" content=\"image\/png\" \/>\n<meta name=\"author\" content=\"admin\" \/>\n<meta name=\"twitter:card\" content=\"summary_large_image\" \/>\n<meta name=\"twitter:label1\" content=\"Escrito por\" \/>\n\t<meta name=\"twitter:data1\" content=\"admin\" \/>\n\t<meta name=\"twitter:label2\" content=\"Est. tempo de leitura\" \/>\n\t<meta name=\"twitter:data2\" content=\"5 minutos\" \/>\n<script type=\"application\/ld+json\" class=\"yoast-schema-graph\">{\"@context\":\"https:\/\/schema.org\",\"@graph\":[{\"@type\":\"Article\",\"@id\":\"https:\/\/begel.com.br\/blog\/saiba-as-vantagens-de-optar-por-uma-refresqueira-comercial-dupla\/#article\",\"isPartOf\":{\"@id\":\"https:\/\/begel.com.br\/blog\/saiba-as-vantagens-de-optar-por-uma-refresqueira-comercial-dupla\/\"},\"author\":{\"name\":\"admin\",\"@id\":\"https:\/\/begel.com.br\/blog\/#\/schema\/person\/8cf24de6b221fe622e543da7c15e4939\"},\"headline\":\"Saiba as vantagens de optar por uma refresqueira comercial dupla\",\"datePublished\":\"2026-01-20T15:03:30+00:00\",\"dateModified\":\"2026-01-20T15:03:31+00:00\",\"mainEntityOfPage\":{\"@id\":\"https:\/\/begel.com.br\/blog\/saiba-as-vantagens-de-optar-por-uma-refresqueira-comercial-dupla\/\"},\"wordCount\":825,\"commentCount\":0,\"publisher\":{\"@id\":\"https:\/\/begel.com.br\/blog\/#organization\"},\"image\":{\"@id\":\"https:\/\/begel.com.br\/blog\/saiba-as-vantagens-de-optar-por-uma-refresqueira-comercial-dupla\/#primaryimage\"},\"thumbnailUrl\":\"https:\/\/begel.com.br\/blog\/wp-content\/uploads\/2026\/01\/comercial_dupla.png\",\"keywords\":[\"Begel\",\"equipamentos de refrigera\u00e7\u00e3o Begel\",\"refresqueira 110V\",\"refresqueira 16 litros\",\"refresqueira 220V\",\"Refresqueira Begel\",\"refresqueira certificada Inmetro\",\"refresqueira comercial\",\"refresqueira comercial dupla\",\"refresqueira dupla\",\"refresqueira ecol\u00f3gica\",\"refresqueira econ\u00f4mica\",\"Refresqueira inox\",\"refresqueira Juice Plus\",\"refresqueira Juice Plus II\",\"Refresqueira para \u00e1gua de coco\",\"refresqueira para bebidas l\u00e1cteas\",\"refresqueira para ch\u00e1 gelado\",\"Refresqueira para sucos\",\"Refresqueira silenciosa\"],\"articleSection\":[\"Refresqueira\"],\"inLanguage\":\"pt-BR\",\"potentialAction\":[{\"@type\":\"CommentAction\",\"name\":\"Comment\",\"target\":[\"https:\/\/begel.com.br\/blog\/saiba-as-vantagens-de-optar-por-uma-refresqueira-comercial-dupla\/#respond\"]}]},{\"@type\":\"WebPage\",\"@id\":\"https:\/\/begel.com.br\/blog\/saiba-as-vantagens-de-optar-por-uma-refresqueira-comercial-dupla\/\",\"url\":\"https:\/\/begel.com.br\/blog\/saiba-as-vantagens-de-optar-por-uma-refresqueira-comercial-dupla\/\",\"name\":\"Saiba as vantagens de optar por uma refresqueira comercial dupla - Blog Begel\",\"isPartOf\":{\"@id\":\"https:\/\/begel.com.br\/blog\/#website\"},\"primaryImageOfPage\":{\"@id\":\"https:\/\/begel.com.br\/blog\/saiba-as-vantagens-de-optar-por-uma-refresqueira-comercial-dupla\/#primaryimage\"},\"image\":{\"@id\":\"https:\/\/begel.com.br\/blog\/saiba-as-vantagens-de-optar-por-uma-refresqueira-comercial-dupla\/#primaryimage\"},\"thumbnailUrl\":\"https:\/\/begel.com.br\/blog\/wp-content\/uploads\/2026\/01\/comercial_dupla.png\",\"datePublished\":\"2026-01-20T15:03:30+00:00\",\"dateModified\":\"2026-01-20T15:03:31+00:00\",\"description\":\"Descubra por que a refresqueira comercial dupla \u00e9 o equipamento ideal para o seu com\u00e9rcio e como ela aumenta a efici\u00eancia.\",\"breadcrumb\":{\"@id\":\"https:\/\/begel.com.br\/blog\/saiba-as-vantagens-de-optar-por-uma-refresqueira-comercial-dupla\/#breadcrumb\"},\"inLanguage\":\"pt-BR\",\"potentialAction\":[{\"@type\":\"ReadAction\",\"target\":[\"https:\/\/begel.com.br\/blog\/saiba-as-vantagens-de-optar-por-uma-refresqueira-comercial-dupla\/\"]}]},{\"@type\":\"ImageObject\",\"inLanguage\":\"pt-BR\",\"@id\":\"https:\/\/begel.com.br\/blog\/saiba-as-vantagens-de-optar-por-uma-refresqueira-comercial-dupla\/#primaryimage\",\"url\":\"https:\/\/begel.com.br\/blog\/wp-content\/uploads\/2026\/01\/comercial_dupla.png\",\"contentUrl\":\"https:\/\/begel.com.br\/blog\/wp-content\/uploads\/2026\/01\/comercial_dupla.png\",\"width\":800,\"height\":800,\"caption\":\"Saiba as vantagens de optar por uma refresqueira comercial dupla\"},{\"@type\":\"BreadcrumbList\",\"@id\":\"https:\/\/begel.com.br\/blog\/saiba-as-vantagens-de-optar-por-uma-refresqueira-comercial-dupla\/#breadcrumb\",\"itemListElement\":[{\"@type\":\"ListItem\",\"position\":1,\"name\":\"In\u00edcio\",\"item\":\"https:\/\/begel.com.br\/blog\/\"},{\"@type\":\"ListItem\",\"position\":2,\"name\":\"Saiba as vantagens de optar por uma refresqueira comercial dupla\"}]},{\"@type\":\"WebSite\",\"@id\":\"https:\/\/begel.com.br\/blog\/#website\",\"url\":\"https:\/\/begel.com.br\/blog\/\",\"name\":\"Blog Begel\",\"description\":\"Qualidade pensando em voc\u00ea!\",\"publisher\":{\"@id\":\"https:\/\/begel.com.br\/blog\/#organization\"},\"potentialAction\":[{\"@type\":\"SearchAction\",\"target\":{\"@type\":\"EntryPoint\",\"urlTemplate\":\"https:\/\/begel.com.br\/blog\/?s={search_term_string}\"},\"query-input\":{\"@type\":\"PropertyValueSpecification\",\"valueRequired\":true,\"valueName\":\"search_term_string\"}}],\"inLanguage\":\"pt-BR\"},{\"@type\":\"Organization\",\"@id\":\"https:\/\/begel.com.br\/blog\/#organization\",\"name\":\"Blog Begel\",\"url\":\"https:\/\/begel.com.br\/blog\/\",\"logo\":{\"@type\":\"ImageObject\",\"inLanguage\":\"pt-BR\",\"@id\":\"https:\/\/begel.com.br\/blog\/#\/schema\/logo\/image\/\",\"url\":\"https:\/\/begel.com.br\/blog\/wp-content\/uploads\/2025\/03\/logobegelll.png\",\"contentUrl\":\"https:\/\/begel.com.br\/blog\/wp-content\/uploads\/2025\/03\/logobegelll.png\",\"width\":223,\"height\":52,\"caption\":\"Blog Begel\"},\"image\":{\"@id\":\"https:\/\/begel.com.br\/blog\/#\/schema\/logo\/image\/\"}},{\"@type\":\"Person\",\"@id\":\"https:\/\/begel.com.br\/blog\/#\/schema\/person\/8cf24de6b221fe622e543da7c15e4939\",\"name\":\"admin\",\"image\":{\"@type\":\"ImageObject\",\"inLanguage\":\"pt-BR\",\"@id\":\"https:\/\/secure.gravatar.com\/avatar\/0c35c1987e27da99c70b0996ba9e9a6b78e67bef84fab8227e88c2c44b594cd5?s=96&d=mm&r=g\",\"url\":\"https:\/\/secure.gravatar.com\/avatar\/0c35c1987e27da99c70b0996ba9e9a6b78e67bef84fab8227e88c2c44b594cd5?s=96&d=mm&r=g\",\"contentUrl\":\"https:\/\/secure.gravatar.com\/avatar\/0c35c1987e27da99c70b0996ba9e9a6b78e67bef84fab8227e88c2c44b594cd5?s=96&d=mm&r=g\",\"caption\":\"admin\"},\"url\":\"https:\/\/begel.com.br\/blog\/author\/admin\/\"}]}<\/script>\n<!-- \/ Yoast SEO plugin. -->","yoast_head_json":{"title":"Saiba as vantagens de optar por uma refresqueira comercial dupla - Blog Begel","description":"Descubra por que a refresqueira comercial dupla \u00e9 o equipamento ideal para o seu com\u00e9rcio e como ela aumenta a efici\u00eancia.","robots":{"index":"index","follow":"follow","max-snippet":"max-snippet:-1","max-image-preview":"max-image-preview:large","max-video-preview":"max-video-preview:-1"},"canonical":"https:\/\/begel.com.br\/blog\/saiba-as-vantagens-de-optar-por-uma-refresqueira-comercial-dupla\/","og_locale":"pt_BR","og_type":"article","og_title":"Saiba as vantagens de optar por uma refresqueira comercial dupla - Blog Begel","og_description":"Descubra por que a refresqueira comercial dupla \u00e9 o equipamento ideal para o seu com\u00e9rcio e como ela aumenta a efici\u00eancia.","og_url":"https:\/\/begel.com.br\/blog\/saiba-as-vantagens-de-optar-por-uma-refresqueira-comercial-dupla\/","og_site_name":"Blog Begel","article_published_time":"2026-01-20T15:03:30+00:00","article_modified_time":"2026-01-20T15:03:31+00:00","og_image":[{"width":800,"height":800,"url":"https:\/\/begel.com.br\/blog\/wp-content\/uploads\/2026\/01\/comercial_dupla.png","type":"image\/png"}],"author":"admin","twitter_card":"summary_large_image","twitter_misc":{"Escrito por":"admin","Est. tempo de leitura":"5 minutos"},"schema":{"@context":"https:\/\/schema.org","@graph":[{"@type":"Article","@id":"https:\/\/begel.com.br\/blog\/saiba-as-vantagens-de-optar-por-uma-refresqueira-comercial-dupla\/#article","isPartOf":{"@id":"https:\/\/begel.com.br\/blog\/saiba-as-vantagens-de-optar-por-uma-refresqueira-comercial-dupla\/"},"author":{"name":"admin","@id":"https:\/\/begel.com.br\/blog\/#\/schema\/person\/8cf24de6b221fe622e543da7c15e4939"},"headline":"Saiba as vantagens de optar por uma refresqueira comercial dupla","datePublished":"2026-01-20T15:03:30+00:00","dateModified":"2026-01-20T15:03:31+00:00","mainEntityOfPage":{"@id":"https:\/\/begel.com.br\/blog\/saiba-as-vantagens-de-optar-por-uma-refresqueira-comercial-dupla\/"},"wordCount":825,"commentCount":0,"publisher":{"@id":"https:\/\/begel.com.br\/blog\/#organization"},"image":{"@id":"https:\/\/begel.com.br\/blog\/saiba-as-vantagens-de-optar-por-uma-refresqueira-comercial-dupla\/#primaryimage"},"thumbnailUrl":"https:\/\/begel.com.br\/blog\/wp-content\/uploads\/2026\/01\/comercial_dupla.png","keywords":["Begel","equipamentos de refrigera\u00e7\u00e3o Begel","refresqueira 110V","refresqueira 16 litros","refresqueira 220V","Refresqueira Begel","refresqueira certificada Inmetro","refresqueira comercial","refresqueira comercial dupla","refresqueira dupla","refresqueira ecol\u00f3gica","refresqueira econ\u00f4mica","Refresqueira inox","refresqueira Juice Plus","refresqueira Juice Plus II","Refresqueira para \u00e1gua de coco","refresqueira para bebidas l\u00e1cteas","refresqueira para ch\u00e1 gelado","Refresqueira para sucos","Refresqueira silenciosa"],"articleSection":["Refresqueira"],"inLanguage":"pt-BR","potentialAction":[{"@type":"CommentAction","name":"Comment","target":["https:\/\/begel.com.br\/blog\/saiba-as-vantagens-de-optar-por-uma-refresqueira-comercial-dupla\/#respond"]}]},{"@type":"WebPage","@id":"https:\/\/begel.com.br\/blog\/saiba-as-vantagens-de-optar-por-uma-refresqueira-comercial-dupla\/","url":"https:\/\/begel.com.br\/blog\/saiba-as-vantagens-de-optar-por-uma-refresqueira-comercial-dupla\/","name":"Saiba as vantagens de optar por uma refresqueira comercial dupla - Blog Begel","isPartOf":{"@id":"https:\/\/begel.com.br\/blog\/#website"},"primaryImageOfPage":{"@id":"https:\/\/begel.com.br\/blog\/saiba-as-vantagens-de-optar-por-uma-refresqueira-comercial-dupla\/#primaryimage"},"image":{"@id":"https:\/\/begel.com.br\/blog\/saiba-as-vantagens-de-optar-por-uma-refresqueira-comercial-dupla\/#primaryimage"},"thumbnailUrl":"https:\/\/begel.com.br\/blog\/wp-content\/uploads\/2026\/01\/comercial_dupla.png","datePublished":"2026-01-20T15:03:30+00:00","dateModified":"2026-01-20T15:03:31+00:00","description":"Descubra por que a refresqueira comercial dupla \u00e9 o equipamento ideal para o seu com\u00e9rcio e como ela aumenta a efici\u00eancia.","breadcrumb":{"@id":"https:\/\/begel.com.br\/blog\/saiba-as-vantagens-de-optar-por-uma-refresqueira-comercial-dupla\/#breadcrumb"},"inLanguage":"pt-BR","potentialAction":[{"@type":"ReadAction","target":["https:\/\/begel.com.br\/blog\/saiba-as-vantagens-de-optar-por-uma-refresqueira-comercial-dupla\/"]}]},{"@type":"ImageObject","inLanguage":"pt-BR","@id":"https:\/\/begel.com.br\/blog\/saiba-as-vantagens-de-optar-por-uma-refresqueira-comercial-dupla\/#primaryimage","url":"https:\/\/begel.com.br\/blog\/wp-content\/uploads\/2026\/01\/comercial_dupla.png","contentUrl":"https:\/\/begel.com.br\/blog\/wp-content\/uploads\/2026\/01\/comercial_dupla.png","width":800,"height":800,"caption":"Saiba as vantagens de optar por uma refresqueira comercial dupla"},{"@type":"BreadcrumbList","@id":"https:\/\/begel.com.br\/blog\/saiba-as-vantagens-de-optar-por-uma-refresqueira-comercial-dupla\/#breadcrumb","itemListElement":[{"@type":"ListItem","position":1,"name":"In\u00edcio","item":"https:\/\/begel.com.br\/blog\/"},{"@type":"ListItem","position":2,"name":"Saiba as vantagens de optar por uma refresqueira comercial dupla"}]},{"@type":"WebSite","@id":"https:\/\/begel.com.br\/blog\/#website","url":"https:\/\/begel.com.br\/blog\/","name":"Blog Begel","description":"Qualidade pensando em voc\u00ea!","publisher":{"@id":"https:\/\/begel.com.br\/blog\/#organization"},"potentialAction":[{"@type":"SearchAction","target":{"@type":"EntryPoint","urlTemplate":"https:\/\/begel.com.br\/blog\/?s={search_term_string}"},"query-input":{"@type":"PropertyValueSpecification","valueRequired":true,"valueName":"search_term_string"}}],"inLanguage":"pt-BR"},{"@type":"Organization","@id":"https:\/\/begel.com.br\/blog\/#organization","name":"Blog Begel","url":"https:\/\/begel.com.br\/blog\/","logo":{"@type":"ImageObject","inLanguage":"pt-BR","@id":"https:\/\/begel.com.br\/blog\/#\/schema\/logo\/image\/","url":"https:\/\/begel.com.br\/blog\/wp-content\/uploads\/2025\/03\/logobegelll.png","contentUrl":"https:\/\/begel.com.br\/blog\/wp-content\/uploads\/2025\/03\/logobegelll.png","width":223,"height":52,"caption":"Blog Begel"},"image":{"@id":"https:\/\/begel.com.br\/blog\/#\/schema\/logo\/image\/"}},{"@type":"Person","@id":"https:\/\/begel.com.br\/blog\/#\/schema\/person\/8cf24de6b221fe622e543da7c15e4939","name":"admin","image":{"@type":"ImageObject","inLanguage":"pt-BR","@id":"https:\/\/secure.gravatar.com\/avatar\/0c35c1987e27da99c70b0996ba9e9a6b78e67bef84fab8227e88c2c44b594cd5?s=96&d=mm&r=g","url":"https:\/\/secure.gravatar.com\/avatar\/0c35c1987e27da99c70b0996ba9e9a6b78e67bef84fab8227e88c2c44b594cd5?s=96&d=mm&r=g","contentUrl":"https:\/\/secure.gravatar.com\/avatar\/0c35c1987e27da99c70b0996ba9e9a6b78e67bef84fab8227e88c2c44b594cd5?s=96&d=mm&r=g","caption":"admin"},"url":"https:\/\/begel.com.br\/blog\/author\/admin\/"}]}},"_links":{"self":[{"href":"https:\/\/begel.com.br\/blog\/wp-json\/wp\/v2\/posts\/142","targetHints":{"allow":["GET"]}}],"collection":[{"href":"https:\/\/begel.com.br\/blog\/wp-json\/wp\/v2\/posts"}],"about":[{"href":"https:\/\/begel.com.br\/blog\/wp-json\/wp\/v2\/types\/post"}],"author":[{"embeddable":true,"href":"https:\/\/begel.com.br\/blog\/wp-json\/wp\/v2\/users\/2"}],"replies":[{"embeddable":true,"href":"https:\/\/begel.com.br\/blog\/wp-json\/wp\/v2\/comments?post=142"}],"version-history":[{"count":1,"href":"https:\/\/begel.com.br\/blog\/wp-json\/wp\/v2\/posts\/142\/revisions"}],"predecessor-version":[{"id":145,"href":"https:\/\/begel.com.br\/blog\/wp-json\/wp\/v2\/posts\/142\/revisions\/145"}],"wp:featuredmedia":[{"embeddable":true,"href":"https:\/\/begel.com.br\/blog\/wp-json\/wp\/v2\/media\/143"}],"wp:attachment":[{"href":"https:\/\/begel.com.br\/blog\/wp-json\/wp\/v2\/media?parent=142"}],"wp:term":[{"taxonomy":"category","embeddable":true,"href":"https:\/\/begel.com.br\/blog\/wp-json\/wp\/v2\/categories?post=142"},{"taxonomy":"post_tag","embeddable":true,"href":"https:\/\/begel.com.br\/blog\/wp-json\/wp\/v2\/tags?post=142"}],"curies":[{"name":"wp","href":"https:\/\/api.w.org\/{rel}","templated":true}]}}