{"id":125,"date":"2025-11-26T15:09:13","date_gmt":"2025-11-26T18:09:13","guid":{"rendered":"https:\/\/begel.com.br\/blog\/?p=125"},"modified":"2025-11-26T15:11:08","modified_gmt":"2025-11-26T18:11:08","slug":"conheca-os-equipamentos-de-refrigeracao-industrial-da-begel","status":"publish","type":"post","link":"https:\/\/begel.com.br\/blog\/conheca-os-equipamentos-de-refrigeracao-industrial-da-begel\/","title":{"rendered":"Conhe\u00e7a os equipamentos de refrigera\u00e7\u00e3o industrial da Begel"},"content":{"rendered":"<span class=\"span-reading-time rt-reading-time\" style=\"display: block;\"><span class=\"rt-label rt-prefix\">Tempo de leitura:<\/span> <span class=\"rt-time\"> 4<\/span> <span class=\"rt-label rt-postfix\">minutos<\/span><\/span>\n<p class=\"has-medium-font-size\"><strong><em>Descubra os equipamentos de refrigera\u00e7\u00e3o industrial da Begel, ideais para empresas que buscam efici\u00eancia, durabilidade e baixo consumo energ\u00e9tico.<\/em><\/strong><\/p>\n\n\n\n<p>No setor de alimentos e bebidas, a refrigera\u00e7\u00e3o n\u00e3o \u00e9 apenas um detalhe t\u00e9cnico: \u00e9 o cora\u00e7\u00e3o do neg\u00f3cio. A escolha correta de <strong>equipamentos de refrigera\u00e7\u00e3o industrial<\/strong> garante qualidade, seguran\u00e7a e sabor aos produtos servidos. E, no ambiente competitivo das empresas modernas, efici\u00eancia energ\u00e9tica e confiabilidade s\u00e3o diferenciais indispens\u00e1veis.<\/p>\n\n\n\n<p>\u00c9 nesse cen\u00e1rio que a <strong>Begel<\/strong> se destaca. Com anos de experi\u00eancia no mercado, a marca \u00e9 refer\u00eancia em solu\u00e7\u00f5es de refrigera\u00e7\u00e3o que aliam tecnologia, economia e durabilidade. Seus equipamentos foram desenvolvidos para atender bares, padarias, restaurantes e franquias que buscam qualidade e desempenho no resfriamento de bebidas e alimentos.<\/p>\n\n\n\n<p>Ao longo deste artigo, voc\u00ea vai conhecer os principais diferenciais dos <strong>equipamentos de refrigera\u00e7\u00e3o industrial da Begel<\/strong>, entender como funcionam as refresqueiras comerciais e descobrir por que investir em uma marca comprometida com efici\u00eancia e sustentabilidade faz toda a diferen\u00e7a.<\/p>\n\n\n\n<ul class=\"wp-block-list\">\n<li><a href=\"https:\/\/begel.com.br\/blog\/conheca-nossa-linha-de-equipamentos-para-restaurantes-2\/\">Conhe\u00e7a nossa linha de equipamentos para restaurantes<\/a><\/li>\n<\/ul>\n\n\n\n<div id=\"ez-toc-container\" class=\"ez-toc-v2_0_81 counter-hierarchy ez-toc-counter ez-toc-grey ez-toc-container-direction\">\n<div class=\"ez-toc-title-container\">\n<p class=\"ez-toc-title\" style=\"cursor:inherit\">O que abordaremos neste artigo:<\/p>\n<span class=\"ez-toc-title-toggle\"><a href=\"#\" class=\"ez-toc-pull-right ez-toc-btn ez-toc-btn-xs ez-toc-btn-default ez-toc-toggle\" aria-label=\"Alternar tabela de conte\u00fado\"><span class=\"ez-toc-js-icon-con\"><span class=\"\"><span class=\"eztoc-hide\" style=\"display:none;\">Toggle<\/span><span class=\"ez-toc-icon-toggle-span\"><svg style=\"fill: #999;color:#999\" xmlns=\"http:\/\/www.w3.org\/2000\/svg\" class=\"list-377408\" width=\"20px\" height=\"20px\" viewBox=\"0 0 24 24\" fill=\"none\"><path d=\"M6 6H4v2h2V6zm14 0H8v2h12V6zM4 11h2v2H4v-2zm16 0H8v2h12v-2zM4 16h2v2H4v-2zm16 0H8v2h12v-2z\" fill=\"currentColor\"><\/path><\/svg><svg style=\"fill: #999;color:#999\" class=\"arrow-unsorted-368013\" xmlns=\"http:\/\/www.w3.org\/2000\/svg\" width=\"10px\" height=\"10px\" viewBox=\"0 0 24 24\" version=\"1.2\" baseProfile=\"tiny\"><path d=\"M18.2 9.3l-6.2-6.3-6.2 6.3c-.2.2-.3.4-.3.7s.1.5.3.7c.2.2.4.3.7.3h11c.3 0 .5-.1.7-.3.2-.2.3-.5.3-.7s-.1-.5-.3-.7zM5.8 14.7l6.2 6.3 6.2-6.3c.2-.2.3-.5.3-.7s-.1-.5-.3-.7c-.2-.2-.4-.3-.7-.3h-11c-.3 0-.5.1-.7.3-.2.2-.3.5-.3.7s.1.5.3.7z\"\/><\/svg><\/span><\/span><\/span><\/a><\/span><\/div>\n<nav><ul class='ez-toc-list ez-toc-list-level-1 ' ><li class='ez-toc-page-1 ez-toc-heading-level-2'><a class=\"ez-toc-link ez-toc-heading-1\" href=\"https:\/\/begel.com.br\/blog\/conheca-os-equipamentos-de-refrigeracao-industrial-da-begel\/#Por_que_escolher_equipamentos_de_refrigeracao_industrial_Begel\" >Por que escolher equipamentos de refrigera\u00e7\u00e3o industrial Begel<\/a><\/li><li class='ez-toc-page-1 ez-toc-heading-level-2'><a class=\"ez-toc-link ez-toc-heading-2\" href=\"https:\/\/begel.com.br\/blog\/conheca-os-equipamentos-de-refrigeracao-industrial-da-begel\/#Refresqueira_comercial_eficiencia_e_versatilidade\" >Refresqueira comercial: efici\u00eancia e versatilidade<\/a><\/li><li class='ez-toc-page-1 ez-toc-heading-level-2'><a class=\"ez-toc-link ez-toc-heading-3\" href=\"https:\/\/begel.com.br\/blog\/conheca-os-equipamentos-de-refrigeracao-industrial-da-begel\/#Refresqueira_dupla_e_refresqueira_industrial_performance_em_grande_escala\" >Refresqueira dupla e refresqueira industrial: performance em grande escala<\/a><\/li><li class='ez-toc-page-1 ez-toc-heading-level-2'><a class=\"ez-toc-link ez-toc-heading-4\" href=\"https:\/\/begel.com.br\/blog\/conheca-os-equipamentos-de-refrigeracao-industrial-da-begel\/#Refrigerador_de_agua_Begel_praticidade_e_conforto_para_o_ambiente_de_trabalho\" >Refrigerador de \u00e1gua Begel: praticidade e conforto para o ambiente de trabalho<\/a><\/li><li class='ez-toc-page-1 ez-toc-heading-level-2'><a class=\"ez-toc-link ez-toc-heading-5\" href=\"https:\/\/begel.com.br\/blog\/conheca-os-equipamentos-de-refrigeracao-industrial-da-begel\/#Invista_em_equipamentos_de_refrigeracao_industrial_Begel\" >Invista em equipamentos de refrigera\u00e7\u00e3o industrial Begel<\/a><\/li><\/ul><\/nav><\/div>\n<h2 class=\"wp-block-heading\"><span class=\"ez-toc-section\" id=\"Por_que_escolher_equipamentos_de_refrigeracao_industrial_Begel\"><\/span><strong>Por que escolher equipamentos de refrigera\u00e7\u00e3o industrial Begel<\/strong><span class=\"ez-toc-section-end\"><\/span><\/h2>\n\n\n<div class=\"wp-block-image\">\n<figure class=\"alignright size-full is-resized\"><img loading=\"lazy\" decoding=\"async\" width=\"800\" height=\"800\" src=\"https:\/\/begel.com.br\/blog\/wp-content\/uploads\/2025\/11\/industrial_50-1.png\" alt=\"\" class=\"wp-image-127\" style=\"width:239px;height:auto\" srcset=\"https:\/\/begel.com.br\/blog\/wp-content\/uploads\/2025\/11\/industrial_50-1.png 800w, https:\/\/begel.com.br\/blog\/wp-content\/uploads\/2025\/11\/industrial_50-1-300x300.png 300w, https:\/\/begel.com.br\/blog\/wp-content\/uploads\/2025\/11\/industrial_50-1-150x150.png 150w, https:\/\/begel.com.br\/blog\/wp-content\/uploads\/2025\/11\/industrial_50-1-768x768.png 768w, https:\/\/begel.com.br\/blog\/wp-content\/uploads\/2025\/11\/industrial_50-1-60x60.png 60w\" sizes=\"auto, (max-width: 800px) 100vw, 800px\" \/><\/figure>\n<\/div>\n\n\n<p>Os <strong>equipamentos de refrigera\u00e7\u00e3o industrial da Begel<\/strong> s\u00e3o projetados com foco na performance e na economia. Com isso, as empresas reduzem custos e ganham produtividade sem abrir m\u00e3o da qualidade.<\/p>\n\n\n\n<p>Al\u00e9m disso, a Begel investe constantemente em inova\u00e7\u00e3o. Seus equipamentos utilizam <strong>g\u00e1s R134a<\/strong>, que \u00e9 ecol\u00f3gico e n\u00e3o agride a camada de oz\u00f4nio \u2014 um diferencial importante para empresas que priorizam a sustentabilidade.<\/p>\n\n\n\n<p>Outro ponto de destaque \u00e9 o <strong>design moderno e funcional<\/strong>. As refresqueiras da marca contam com acabamento em <strong>a\u00e7o inox ou pintura eletrozincada<\/strong>, o que garante resist\u00eancia, f\u00e1cil limpeza e longa vida \u00fatil. Portanto, al\u00e9m de eficientes, tamb\u00e9m agregam valor est\u00e9tico ao ambiente.<\/p>\n\n\n\n<p>Por fim, todos os produtos s\u00e3o <strong>certificados pelo Inmetro<\/strong>, assegurando conformidade com as normas de seguran\u00e7a e desempenho. Sendo assim, investir em uma refresqueira Begel \u00e9 optar por equipamentos confi\u00e1veis e de alta qualidade, capazes de atender \u00e0s exig\u00eancias dos setores mais competitivos.<\/p>\n\n\n\n<h2 class=\"wp-block-heading\"><span class=\"ez-toc-section\" id=\"Refresqueira_comercial_eficiencia_e_versatilidade\"><\/span><strong>Refresqueira comercial: efici\u00eancia e versatilidade<\/strong><span class=\"ez-toc-section-end\"><\/span><\/h2>\n\n\n\n<p>A <strong>refresqueira comercial<\/strong> da Begel \u00e9 o equipamento ideal para quem busca praticidade no dia a dia. Ela foi desenvolvida para resfriar sucos, ch\u00e1s, \u00e1guas de coco e bebidas l\u00e1cteas com rapidez e efici\u00eancia.<\/p>\n\n\n\n<p>Com <strong>resfriamento em at\u00e9 3 horas<\/strong>, mesmo quando o l\u00edquido est\u00e1 em temperatura ambiente, e sa\u00edda constante a <strong>8\u00b0C<\/strong>, a refresqueira mant\u00e9m a bebida sempre pronta para o consumo. Al\u00e9m disso, seu <strong>compressor \u00e9 silencioso e de baixo consumo energ\u00e9tico<\/strong>, o que representa economia a longo prazo.<\/p>\n\n\n\n<p>A seguir, veja seus principais diferenciais:<\/p>\n\n\n\n<ul class=\"wp-block-list\">\n<li><strong>Compressor de alto desempenho:<\/strong> garante efici\u00eancia e opera\u00e7\u00e3o silenciosa.<br><\/li>\n\n\n\n<li><strong>Reservat\u00f3rio em policarbonato cristal:<\/strong> resistente a impactos e f\u00e1cil de higienizar.<br><\/li>\n\n\n\n<li><strong>Estrutura em a\u00e7o inox:<\/strong> proporciona durabilidade e apar\u00eancia sofisticada.<br><\/li>\n\n\n\n<li><strong>Certifica\u00e7\u00e3o Inmetro:<\/strong> seguran\u00e7a e qualidade comprovadas.<br><\/li>\n\n\n\n<li><strong>G\u00e1s R134a ecol\u00f3gico:<\/strong> op\u00e7\u00e3o sustent\u00e1vel que protege o meio ambiente.<br><\/li>\n<\/ul>\n\n\n\n<p>Essas caracter\u00edsticas tornam a refresqueira comercial Begel uma excelente escolha para <strong>franquias, restaurantes e padarias<\/strong> que desejam oferecer bebidas frescas com agilidade e seguran\u00e7a.<\/p>\n\n\n\n<ul class=\"wp-block-list\">\n<li><a href=\"https:\/\/begel.com.br\/blog\/bebedouro-para-restaurante-como-escolher-o-bebedouro-ideal-e-garantir-seguranca\/\">Bebedouro para restaurante: como escolher o bebedouro ideal e garantir seguran\u00e7a<\/a><\/li>\n<\/ul>\n\n\n\n<h2 class=\"wp-block-heading\"><span class=\"ez-toc-section\" id=\"Refresqueira_dupla_e_refresqueira_industrial_performance_em_grande_escala\"><\/span><strong>Refresqueira dupla e refresqueira industrial: performance em grande escala<\/strong><span class=\"ez-toc-section-end\"><\/span><\/h2>\n\n\n\n<p>Quando o volume de atendimento aumenta, contar com <strong>refresqueiras duplas ou industriais<\/strong> \u00e9 essencial para manter a opera\u00e7\u00e3o fluida e eficiente. A <strong>Begel<\/strong> oferece vers\u00f5es que combinam robustez e tecnologia de ponta, ideais para locais com alta demanda de bebidas.<\/p>\n\n\n\n<p>As refresqueiras duplas permitem o resfriamento simult\u00e2neo de dois tipos de l\u00edquidos, otimizando tempo e espa\u00e7o. Portanto, s\u00e3o perfeitas para neg\u00f3cios que trabalham com grande variedade de bebidas \u2014 como buffets, hot\u00e9is e redes de alimenta\u00e7\u00e3o.<\/p>\n\n\n\n<p>J\u00e1 a <strong>refresqueira industrial Begel<\/strong> foi pensada para ambientes de produ\u00e7\u00e3o mais intensiva, mantendo a temperatura est\u00e1vel por longos per\u00edodos e garantindo a consist\u00eancia do produto final. Com materiais de alta resist\u00eancia e componentes de \u00faltima gera\u00e7\u00e3o, esses modelos s\u00e3o sin\u00f4nimos de durabilidade e confiabilidade.<\/p>\n\n\n\n<p>Em ambos os casos, o controle de temperatura \u00e9 preciso e o sistema de refrigera\u00e7\u00e3o foi desenhado para <strong>reduzir o consumo de energia<\/strong>, sem comprometer o desempenho. Sendo assim, a Begel entrega tecnologia e economia em um s\u00f3 produto.<\/p>\n\n\n\n<h2 class=\"wp-block-heading\"><span class=\"ez-toc-section\" id=\"Refrigerador_de_agua_Begel_praticidade_e_conforto_para_o_ambiente_de_trabalho\"><\/span><strong>Refrigerador de \u00e1gua Begel: praticidade e conforto para o ambiente de trabalho<\/strong><span class=\"ez-toc-section-end\"><\/span><\/h2>\n\n\n\n<p>Al\u00e9m das refresqueiras, a <strong>Begel<\/strong> tamb\u00e9m oferece <strong>refrigeradores de \u00e1gua<\/strong> com design moderno e alto rendimento, perfeitos para empresas que buscam conforto e efici\u00eancia para colaboradores e clientes.<\/p>\n\n\n\n<p>Esses equipamentos garantem <strong>\u00e1gua gelada o tempo todo<\/strong>, mesmo em ambientes de grande circula\u00e7\u00e3o, e s\u00e3o constru\u00eddos com <strong>materiais de f\u00e1cil higieniza\u00e7\u00e3o<\/strong> e <strong>componentes silenciosos<\/strong>.<\/p>\n\n\n\n<p>Portanto, tanto em escrit\u00f3rios quanto em \u00e1reas industriais, o refrigerador de \u00e1gua Begel se adapta \u00e0s necessidades de consumo di\u00e1rio, entregando economia e praticidade no uso cont\u00ednuo.<\/p>\n\n\n\n<p>Com um <strong>sistema de refrigera\u00e7\u00e3o confi\u00e1vel e ecol\u00f3gico<\/strong>, a Begel mant\u00e9m o compromisso com o bem-estar e a sustentabilidade \u2014 pilares que fortalecem a reputa\u00e7\u00e3o da marca no mercado de refrigera\u00e7\u00e3o industrial.<\/p>\n\n\n\n<h2 class=\"wp-block-heading\"><span class=\"ez-toc-section\" id=\"Invista_em_equipamentos_de_refrigeracao_industrial_Begel\"><\/span><strong>Invista em equipamentos de refrigera\u00e7\u00e3o industrial Begel<\/strong><span class=\"ez-toc-section-end\"><\/span><\/h2>\n\n\n\n<p>A refrigera\u00e7\u00e3o \u00e9 uma etapa estrat\u00e9gica para qualquer empresa do setor aliment\u00edcio. Por isso, escolher <strong>equipamentos de refrigera\u00e7\u00e3o industrial Begel<\/strong> \u00e9 investir em tecnologia, seguran\u00e7a e efici\u00eancia energ\u00e9tica.<\/p>\n\n\n\n<p>A Begel oferece solu\u00e7\u00f5es completas \u2014 de <strong>refresqueiras comerciais e industriais<\/strong> a <strong>refrigeradores de \u00e1gua<\/strong> \u2014 que atendem diferentes demandas, mantendo sempre o compromisso com qualidade e sustentabilidade.<\/p>\n\n\n\n<p>Portanto, se a sua empresa busca desempenho, economia e confiabilidade, <strong>os equipamentos Begel s\u00e3o a escolha certa<\/strong>.&nbsp;<\/p>\n\n\n\n<p><strong><em>Entre em contato com a Begel e descubra como nossos equipamentos de refrigera\u00e7\u00e3o industrial podem transformar o desempenho da sua empresa.<\/em><\/strong><\/p>\n","protected":false},"excerpt":{"rendered":"<p><span class=\"span-reading-time rt-reading-time\" style=\"display: block;\"><span class=\"rt-label rt-prefix\">Tempo de leitura:<\/span> <span class=\"rt-time\"> 4<\/span> <span class=\"rt-label rt-postfix\">minutos<\/span><\/span>Descubra os equipamentos de refrigera\u00e7\u00e3o industrial da Begel, ideais para empresas que buscam efici\u00eancia, durabilidade e baixo consumo energ\u00e9tico. No setor de alimentos e bebidas, a refrigera\u00e7\u00e3o n\u00e3o \u00e9 apenas um detalhe t\u00e9cnico: \u00e9 o cora\u00e7\u00e3o do neg\u00f3cio. A escolha correta de equipamentos de refrigera\u00e7\u00e3o industrial garante qualidade, seguran\u00e7a e sabor aos produtos servidos. E, &hellip; <\/p>\n","protected":false},"author":2,"featured_media":126,"comment_status":"open","ping_status":"open","sticky":false,"template":"","format":"standard","meta":{"footnotes":""},"categories":[99],"tags":[272,524,518,515,528,526,521,299,289,525,290,516,337,520,527,523,347,517,522,519],"class_list":["post-125","post","type-post","status-publish","format-standard","has-post-thumbnail","hentry","category-refresqueira","tag-begel","tag-equipamentos-certificados-inmetro","tag-equipamentos-de-refrigeracao-begel","tag-equipamentos-de-refrigeracao-industrial","tag-equipamentos-de-resfriamento-para-empresas","tag-equipamentos-ecologicos","tag-equipamentos-industriais-de-refrigeracao","tag-equipamentos-para-padarias","tag-equipamentos-para-restaurantes","tag-gas-r134a","tag-refresqueira-comercial","tag-refresqueira-dupla","tag-refresqueira-industrial","tag-refrigeracao-comercial","tag-refrigeracao-de-alta-performance","tag-refrigeracao-para-bebidas","tag-refrigeracao-sustentavel","tag-refrigerador-de-agua","tag-sistemas-de-refrigeracao-eficiente","tag-solucoes-de-refrigeracao-industrial","latest_post"],"yoast_head":"<!-- This site is optimized with the Yoast SEO plugin v27.2 - https:\/\/yoast.com\/product\/yoast-seo-wordpress\/ -->\n<title>Conhe\u00e7a os equipamentos de refrigera\u00e7\u00e3o industrial da Begel - Blog Begel<\/title>\n<meta name=\"description\" content=\"Descubra os equipamentos de refrigera\u00e7\u00e3o industrial da Begel, ideais para empresas que buscam efici\u00eancia, durabilidade e baixo consumo energ\u00e9tico.\" \/>\n<meta name=\"robots\" content=\"index, follow, max-snippet:-1, max-image-preview:large, max-video-preview:-1\" \/>\n<link rel=\"canonical\" href=\"https:\/\/begel.com.br\/blog\/conheca-os-equipamentos-de-refrigeracao-industrial-da-begel\/\" \/>\n<meta property=\"og:locale\" content=\"pt_BR\" \/>\n<meta property=\"og:type\" content=\"article\" \/>\n<meta property=\"og:title\" content=\"Conhe\u00e7a os equipamentos de refrigera\u00e7\u00e3o industrial da Begel - Blog Begel\" \/>\n<meta property=\"og:description\" content=\"Descubra os equipamentos de refrigera\u00e7\u00e3o industrial da Begel, ideais para empresas que buscam efici\u00eancia, durabilidade e baixo consumo energ\u00e9tico.\" \/>\n<meta property=\"og:url\" content=\"https:\/\/begel.com.br\/blog\/conheca-os-equipamentos-de-refrigeracao-industrial-da-begel\/\" \/>\n<meta property=\"og:site_name\" content=\"Blog Begel\" \/>\n<meta property=\"article:published_time\" content=\"2025-11-26T18:09:13+00:00\" \/>\n<meta property=\"article:modified_time\" content=\"2025-11-26T18:11:08+00:00\" \/>\n<meta property=\"og:image\" content=\"https:\/\/begel.com.br\/blog\/wp-content\/uploads\/2025\/11\/industrial_50.png\" \/>\n\t<meta property=\"og:image:width\" content=\"800\" \/>\n\t<meta property=\"og:image:height\" content=\"800\" \/>\n\t<meta property=\"og:image:type\" content=\"image\/png\" \/>\n<meta name=\"author\" content=\"admin\" \/>\n<meta name=\"twitter:card\" content=\"summary_large_image\" \/>\n<meta name=\"twitter:label1\" content=\"Escrito por\" \/>\n\t<meta name=\"twitter:data1\" content=\"admin\" \/>\n\t<meta name=\"twitter:label2\" content=\"Est. tempo de leitura\" \/>\n\t<meta name=\"twitter:data2\" content=\"6 minutos\" \/>\n<script type=\"application\/ld+json\" class=\"yoast-schema-graph\">{\"@context\":\"https:\/\/schema.org\",\"@graph\":[{\"@type\":\"Article\",\"@id\":\"https:\/\/begel.com.br\/blog\/conheca-os-equipamentos-de-refrigeracao-industrial-da-begel\/#article\",\"isPartOf\":{\"@id\":\"https:\/\/begel.com.br\/blog\/conheca-os-equipamentos-de-refrigeracao-industrial-da-begel\/\"},\"author\":{\"name\":\"admin\",\"@id\":\"https:\/\/begel.com.br\/blog\/#\/schema\/person\/8cf24de6b221fe622e543da7c15e4939\"},\"headline\":\"Conhe\u00e7a os equipamentos de refrigera\u00e7\u00e3o industrial da Begel\",\"datePublished\":\"2025-11-26T18:09:13+00:00\",\"dateModified\":\"2025-11-26T18:11:08+00:00\",\"mainEntityOfPage\":{\"@id\":\"https:\/\/begel.com.br\/blog\/conheca-os-equipamentos-de-refrigeracao-industrial-da-begel\/\"},\"wordCount\":995,\"commentCount\":0,\"publisher\":{\"@id\":\"https:\/\/begel.com.br\/blog\/#organization\"},\"image\":{\"@id\":\"https:\/\/begel.com.br\/blog\/conheca-os-equipamentos-de-refrigeracao-industrial-da-begel\/#primaryimage\"},\"thumbnailUrl\":\"https:\/\/begel.com.br\/blog\/wp-content\/uploads\/2025\/11\/industrial_50.png\",\"keywords\":[\"Begel\",\"equipamentos certificados Inmetro\",\"equipamentos de refrigera\u00e7\u00e3o Begel\",\"equipamentos de refrigera\u00e7\u00e3o industrial\",\"equipamentos de resfriamento para empresas\",\"equipamentos ecol\u00f3gicos\",\"equipamentos industriais de refrigera\u00e7\u00e3o\",\"equipamentos para padarias\",\"equipamentos para restaurantes\",\"g\u00e1s R134a\",\"refresqueira comercial\",\"refresqueira dupla\",\"refresqueira industrial\",\"refrigera\u00e7\u00e3o comercial\",\"refrigera\u00e7\u00e3o de alta performance\",\"refrigera\u00e7\u00e3o para bebidas\",\"refrigera\u00e7\u00e3o sustent\u00e1vel\",\"refrigerador de \u00e1gua\",\"sistemas de refrigera\u00e7\u00e3o eficiente\",\"solu\u00e7\u00f5es de refrigera\u00e7\u00e3o industrial\"],\"articleSection\":[\"Refresqueira\"],\"inLanguage\":\"pt-BR\",\"potentialAction\":[{\"@type\":\"CommentAction\",\"name\":\"Comment\",\"target\":[\"https:\/\/begel.com.br\/blog\/conheca-os-equipamentos-de-refrigeracao-industrial-da-begel\/#respond\"]}]},{\"@type\":\"WebPage\",\"@id\":\"https:\/\/begel.com.br\/blog\/conheca-os-equipamentos-de-refrigeracao-industrial-da-begel\/\",\"url\":\"https:\/\/begel.com.br\/blog\/conheca-os-equipamentos-de-refrigeracao-industrial-da-begel\/\",\"name\":\"Conhe\u00e7a os equipamentos de refrigera\u00e7\u00e3o industrial da Begel - Blog Begel\",\"isPartOf\":{\"@id\":\"https:\/\/begel.com.br\/blog\/#website\"},\"primaryImageOfPage\":{\"@id\":\"https:\/\/begel.com.br\/blog\/conheca-os-equipamentos-de-refrigeracao-industrial-da-begel\/#primaryimage\"},\"image\":{\"@id\":\"https:\/\/begel.com.br\/blog\/conheca-os-equipamentos-de-refrigeracao-industrial-da-begel\/#primaryimage\"},\"thumbnailUrl\":\"https:\/\/begel.com.br\/blog\/wp-content\/uploads\/2025\/11\/industrial_50.png\",\"datePublished\":\"2025-11-26T18:09:13+00:00\",\"dateModified\":\"2025-11-26T18:11:08+00:00\",\"description\":\"Descubra os equipamentos de refrigera\u00e7\u00e3o industrial da Begel, ideais para empresas que buscam efici\u00eancia, durabilidade e baixo consumo energ\u00e9tico.\",\"breadcrumb\":{\"@id\":\"https:\/\/begel.com.br\/blog\/conheca-os-equipamentos-de-refrigeracao-industrial-da-begel\/#breadcrumb\"},\"inLanguage\":\"pt-BR\",\"potentialAction\":[{\"@type\":\"ReadAction\",\"target\":[\"https:\/\/begel.com.br\/blog\/conheca-os-equipamentos-de-refrigeracao-industrial-da-begel\/\"]}]},{\"@type\":\"ImageObject\",\"inLanguage\":\"pt-BR\",\"@id\":\"https:\/\/begel.com.br\/blog\/conheca-os-equipamentos-de-refrigeracao-industrial-da-begel\/#primaryimage\",\"url\":\"https:\/\/begel.com.br\/blog\/wp-content\/uploads\/2025\/11\/industrial_50.png\",\"contentUrl\":\"https:\/\/begel.com.br\/blog\/wp-content\/uploads\/2025\/11\/industrial_50.png\",\"width\":800,\"height\":800,\"caption\":\"Conhe\u00e7a os equipamentos de refrigera\u00e7\u00e3o industrial da Begel\"},{\"@type\":\"BreadcrumbList\",\"@id\":\"https:\/\/begel.com.br\/blog\/conheca-os-equipamentos-de-refrigeracao-industrial-da-begel\/#breadcrumb\",\"itemListElement\":[{\"@type\":\"ListItem\",\"position\":1,\"name\":\"In\u00edcio\",\"item\":\"https:\/\/begel.com.br\/blog\/\"},{\"@type\":\"ListItem\",\"position\":2,\"name\":\"Conhe\u00e7a os equipamentos de refrigera\u00e7\u00e3o industrial da Begel\"}]},{\"@type\":\"WebSite\",\"@id\":\"https:\/\/begel.com.br\/blog\/#website\",\"url\":\"https:\/\/begel.com.br\/blog\/\",\"name\":\"Blog Begel\",\"description\":\"Qualidade pensando em voc\u00ea!\",\"publisher\":{\"@id\":\"https:\/\/begel.com.br\/blog\/#organization\"},\"potentialAction\":[{\"@type\":\"SearchAction\",\"target\":{\"@type\":\"EntryPoint\",\"urlTemplate\":\"https:\/\/begel.com.br\/blog\/?s={search_term_string}\"},\"query-input\":{\"@type\":\"PropertyValueSpecification\",\"valueRequired\":true,\"valueName\":\"search_term_string\"}}],\"inLanguage\":\"pt-BR\"},{\"@type\":\"Organization\",\"@id\":\"https:\/\/begel.com.br\/blog\/#organization\",\"name\":\"Blog Begel\",\"url\":\"https:\/\/begel.com.br\/blog\/\",\"logo\":{\"@type\":\"ImageObject\",\"inLanguage\":\"pt-BR\",\"@id\":\"https:\/\/begel.com.br\/blog\/#\/schema\/logo\/image\/\",\"url\":\"https:\/\/begel.com.br\/blog\/wp-content\/uploads\/2025\/03\/logobegelll.png\",\"contentUrl\":\"https:\/\/begel.com.br\/blog\/wp-content\/uploads\/2025\/03\/logobegelll.png\",\"width\":223,\"height\":52,\"caption\":\"Blog Begel\"},\"image\":{\"@id\":\"https:\/\/begel.com.br\/blog\/#\/schema\/logo\/image\/\"}},{\"@type\":\"Person\",\"@id\":\"https:\/\/begel.com.br\/blog\/#\/schema\/person\/8cf24de6b221fe622e543da7c15e4939\",\"name\":\"admin\",\"image\":{\"@type\":\"ImageObject\",\"inLanguage\":\"pt-BR\",\"@id\":\"https:\/\/secure.gravatar.com\/avatar\/0c35c1987e27da99c70b0996ba9e9a6b78e67bef84fab8227e88c2c44b594cd5?s=96&d=mm&r=g\",\"url\":\"https:\/\/secure.gravatar.com\/avatar\/0c35c1987e27da99c70b0996ba9e9a6b78e67bef84fab8227e88c2c44b594cd5?s=96&d=mm&r=g\",\"contentUrl\":\"https:\/\/secure.gravatar.com\/avatar\/0c35c1987e27da99c70b0996ba9e9a6b78e67bef84fab8227e88c2c44b594cd5?s=96&d=mm&r=g\",\"caption\":\"admin\"},\"url\":\"https:\/\/begel.com.br\/blog\/author\/admin\/\"}]}<\/script>\n<!-- \/ Yoast SEO plugin. -->","yoast_head_json":{"title":"Conhe\u00e7a os equipamentos de refrigera\u00e7\u00e3o industrial da Begel - Blog Begel","description":"Descubra os equipamentos de refrigera\u00e7\u00e3o industrial da Begel, ideais para empresas que buscam efici\u00eancia, durabilidade e baixo consumo energ\u00e9tico.","robots":{"index":"index","follow":"follow","max-snippet":"max-snippet:-1","max-image-preview":"max-image-preview:large","max-video-preview":"max-video-preview:-1"},"canonical":"https:\/\/begel.com.br\/blog\/conheca-os-equipamentos-de-refrigeracao-industrial-da-begel\/","og_locale":"pt_BR","og_type":"article","og_title":"Conhe\u00e7a os equipamentos de refrigera\u00e7\u00e3o industrial da Begel - Blog Begel","og_description":"Descubra os equipamentos de refrigera\u00e7\u00e3o industrial da Begel, ideais para empresas que buscam efici\u00eancia, durabilidade e baixo consumo energ\u00e9tico.","og_url":"https:\/\/begel.com.br\/blog\/conheca-os-equipamentos-de-refrigeracao-industrial-da-begel\/","og_site_name":"Blog Begel","article_published_time":"2025-11-26T18:09:13+00:00","article_modified_time":"2025-11-26T18:11:08+00:00","og_image":[{"width":800,"height":800,"url":"https:\/\/begel.com.br\/blog\/wp-content\/uploads\/2025\/11\/industrial_50.png","type":"image\/png"}],"author":"admin","twitter_card":"summary_large_image","twitter_misc":{"Escrito por":"admin","Est. tempo de leitura":"6 minutos"},"schema":{"@context":"https:\/\/schema.org","@graph":[{"@type":"Article","@id":"https:\/\/begel.com.br\/blog\/conheca-os-equipamentos-de-refrigeracao-industrial-da-begel\/#article","isPartOf":{"@id":"https:\/\/begel.com.br\/blog\/conheca-os-equipamentos-de-refrigeracao-industrial-da-begel\/"},"author":{"name":"admin","@id":"https:\/\/begel.com.br\/blog\/#\/schema\/person\/8cf24de6b221fe622e543da7c15e4939"},"headline":"Conhe\u00e7a os equipamentos de refrigera\u00e7\u00e3o industrial da Begel","datePublished":"2025-11-26T18:09:13+00:00","dateModified":"2025-11-26T18:11:08+00:00","mainEntityOfPage":{"@id":"https:\/\/begel.com.br\/blog\/conheca-os-equipamentos-de-refrigeracao-industrial-da-begel\/"},"wordCount":995,"commentCount":0,"publisher":{"@id":"https:\/\/begel.com.br\/blog\/#organization"},"image":{"@id":"https:\/\/begel.com.br\/blog\/conheca-os-equipamentos-de-refrigeracao-industrial-da-begel\/#primaryimage"},"thumbnailUrl":"https:\/\/begel.com.br\/blog\/wp-content\/uploads\/2025\/11\/industrial_50.png","keywords":["Begel","equipamentos certificados Inmetro","equipamentos de refrigera\u00e7\u00e3o Begel","equipamentos de refrigera\u00e7\u00e3o industrial","equipamentos de resfriamento para empresas","equipamentos ecol\u00f3gicos","equipamentos industriais de refrigera\u00e7\u00e3o","equipamentos para padarias","equipamentos para restaurantes","g\u00e1s R134a","refresqueira comercial","refresqueira dupla","refresqueira industrial","refrigera\u00e7\u00e3o comercial","refrigera\u00e7\u00e3o de alta performance","refrigera\u00e7\u00e3o para bebidas","refrigera\u00e7\u00e3o sustent\u00e1vel","refrigerador de \u00e1gua","sistemas de refrigera\u00e7\u00e3o eficiente","solu\u00e7\u00f5es de refrigera\u00e7\u00e3o industrial"],"articleSection":["Refresqueira"],"inLanguage":"pt-BR","potentialAction":[{"@type":"CommentAction","name":"Comment","target":["https:\/\/begel.com.br\/blog\/conheca-os-equipamentos-de-refrigeracao-industrial-da-begel\/#respond"]}]},{"@type":"WebPage","@id":"https:\/\/begel.com.br\/blog\/conheca-os-equipamentos-de-refrigeracao-industrial-da-begel\/","url":"https:\/\/begel.com.br\/blog\/conheca-os-equipamentos-de-refrigeracao-industrial-da-begel\/","name":"Conhe\u00e7a os equipamentos de refrigera\u00e7\u00e3o industrial da Begel - Blog Begel","isPartOf":{"@id":"https:\/\/begel.com.br\/blog\/#website"},"primaryImageOfPage":{"@id":"https:\/\/begel.com.br\/blog\/conheca-os-equipamentos-de-refrigeracao-industrial-da-begel\/#primaryimage"},"image":{"@id":"https:\/\/begel.com.br\/blog\/conheca-os-equipamentos-de-refrigeracao-industrial-da-begel\/#primaryimage"},"thumbnailUrl":"https:\/\/begel.com.br\/blog\/wp-content\/uploads\/2025\/11\/industrial_50.png","datePublished":"2025-11-26T18:09:13+00:00","dateModified":"2025-11-26T18:11:08+00:00","description":"Descubra os equipamentos de refrigera\u00e7\u00e3o industrial da Begel, ideais para empresas que buscam efici\u00eancia, durabilidade e baixo consumo energ\u00e9tico.","breadcrumb":{"@id":"https:\/\/begel.com.br\/blog\/conheca-os-equipamentos-de-refrigeracao-industrial-da-begel\/#breadcrumb"},"inLanguage":"pt-BR","potentialAction":[{"@type":"ReadAction","target":["https:\/\/begel.com.br\/blog\/conheca-os-equipamentos-de-refrigeracao-industrial-da-begel\/"]}]},{"@type":"ImageObject","inLanguage":"pt-BR","@id":"https:\/\/begel.com.br\/blog\/conheca-os-equipamentos-de-refrigeracao-industrial-da-begel\/#primaryimage","url":"https:\/\/begel.com.br\/blog\/wp-content\/uploads\/2025\/11\/industrial_50.png","contentUrl":"https:\/\/begel.com.br\/blog\/wp-content\/uploads\/2025\/11\/industrial_50.png","width":800,"height":800,"caption":"Conhe\u00e7a os equipamentos de refrigera\u00e7\u00e3o industrial da Begel"},{"@type":"BreadcrumbList","@id":"https:\/\/begel.com.br\/blog\/conheca-os-equipamentos-de-refrigeracao-industrial-da-begel\/#breadcrumb","itemListElement":[{"@type":"ListItem","position":1,"name":"In\u00edcio","item":"https:\/\/begel.com.br\/blog\/"},{"@type":"ListItem","position":2,"name":"Conhe\u00e7a os equipamentos de refrigera\u00e7\u00e3o industrial da Begel"}]},{"@type":"WebSite","@id":"https:\/\/begel.com.br\/blog\/#website","url":"https:\/\/begel.com.br\/blog\/","name":"Blog Begel","description":"Qualidade pensando em voc\u00ea!","publisher":{"@id":"https:\/\/begel.com.br\/blog\/#organization"},"potentialAction":[{"@type":"SearchAction","target":{"@type":"EntryPoint","urlTemplate":"https:\/\/begel.com.br\/blog\/?s={search_term_string}"},"query-input":{"@type":"PropertyValueSpecification","valueRequired":true,"valueName":"search_term_string"}}],"inLanguage":"pt-BR"},{"@type":"Organization","@id":"https:\/\/begel.com.br\/blog\/#organization","name":"Blog Begel","url":"https:\/\/begel.com.br\/blog\/","logo":{"@type":"ImageObject","inLanguage":"pt-BR","@id":"https:\/\/begel.com.br\/blog\/#\/schema\/logo\/image\/","url":"https:\/\/begel.com.br\/blog\/wp-content\/uploads\/2025\/03\/logobegelll.png","contentUrl":"https:\/\/begel.com.br\/blog\/wp-content\/uploads\/2025\/03\/logobegelll.png","width":223,"height":52,"caption":"Blog Begel"},"image":{"@id":"https:\/\/begel.com.br\/blog\/#\/schema\/logo\/image\/"}},{"@type":"Person","@id":"https:\/\/begel.com.br\/blog\/#\/schema\/person\/8cf24de6b221fe622e543da7c15e4939","name":"admin","image":{"@type":"ImageObject","inLanguage":"pt-BR","@id":"https:\/\/secure.gravatar.com\/avatar\/0c35c1987e27da99c70b0996ba9e9a6b78e67bef84fab8227e88c2c44b594cd5?s=96&d=mm&r=g","url":"https:\/\/secure.gravatar.com\/avatar\/0c35c1987e27da99c70b0996ba9e9a6b78e67bef84fab8227e88c2c44b594cd5?s=96&d=mm&r=g","contentUrl":"https:\/\/secure.gravatar.com\/avatar\/0c35c1987e27da99c70b0996ba9e9a6b78e67bef84fab8227e88c2c44b594cd5?s=96&d=mm&r=g","caption":"admin"},"url":"https:\/\/begel.com.br\/blog\/author\/admin\/"}]}},"_links":{"self":[{"href":"https:\/\/begel.com.br\/blog\/wp-json\/wp\/v2\/posts\/125","targetHints":{"allow":["GET"]}}],"collection":[{"href":"https:\/\/begel.com.br\/blog\/wp-json\/wp\/v2\/posts"}],"about":[{"href":"https:\/\/begel.com.br\/blog\/wp-json\/wp\/v2\/types\/post"}],"author":[{"embeddable":true,"href":"https:\/\/begel.com.br\/blog\/wp-json\/wp\/v2\/users\/2"}],"replies":[{"embeddable":true,"href":"https:\/\/begel.com.br\/blog\/wp-json\/wp\/v2\/comments?post=125"}],"version-history":[{"count":1,"href":"https:\/\/begel.com.br\/blog\/wp-json\/wp\/v2\/posts\/125\/revisions"}],"predecessor-version":[{"id":128,"href":"https:\/\/begel.com.br\/blog\/wp-json\/wp\/v2\/posts\/125\/revisions\/128"}],"wp:featuredmedia":[{"embeddable":true,"href":"https:\/\/begel.com.br\/blog\/wp-json\/wp\/v2\/media\/126"}],"wp:attachment":[{"href":"https:\/\/begel.com.br\/blog\/wp-json\/wp\/v2\/media?parent=125"}],"wp:term":[{"taxonomy":"category","embeddable":true,"href":"https:\/\/begel.com.br\/blog\/wp-json\/wp\/v2\/categories?post=125"},{"taxonomy":"post_tag","embeddable":true,"href":"https:\/\/begel.com.br\/blog\/wp-json\/wp\/v2\/tags?post=125"}],"curies":[{"name":"wp","href":"https:\/\/api.w.org\/{rel}","templated":true}]}}