{"id":113,"date":"2025-11-07T11:58:17","date_gmt":"2025-11-07T14:58:17","guid":{"rendered":"https:\/\/begel.com.br\/blog\/?p=113"},"modified":"2025-11-07T12:00:07","modified_gmt":"2025-11-07T15:00:07","slug":"empresa-de-equipamentos-de-refrigeracao-comercial-conheca-a-begel","status":"publish","type":"post","link":"https:\/\/begel.com.br\/blog\/empresa-de-equipamentos-de-refrigeracao-comercial-conheca-a-begel\/","title":{"rendered":"Empresa de equipamentos de refrigera\u00e7\u00e3o comercial: conhe\u00e7a a Begel"},"content":{"rendered":"<span class=\"span-reading-time rt-reading-time\" style=\"display: block;\"><span class=\"rt-label rt-prefix\">Tempo de leitura:<\/span> <span class=\"rt-time\"> 4<\/span> <span class=\"rt-label rt-postfix\">minutos<\/span><\/span>\n<p class=\"has-medium-font-size\"><strong><em>Conhe\u00e7a a Begel, refer\u00eancia em equipamentos de refrigera\u00e7\u00e3o comercial, com produtos certificados pelo INMETRO e reconhecidos pela qualidade e durabilidade.<\/em><\/strong><\/p>\n\n\n\n<p>Os <strong>equipamentos de refrigera\u00e7\u00e3o comercial<\/strong> s\u00e3o fundamentais para manter a qualidade de bebidas e o conforto em ambientes corporativos e de atendimento ao p\u00fablico. Seja em empresas, escrit\u00f3rios ou restaurantes, a efici\u00eancia desses equipamentos influencia diretamente a experi\u00eancia de clientes e colaboradores.<\/p>\n\n\n\n<p>Nesse contexto, a <strong>Begel<\/strong> se consolida como uma das principais fabricantes do setor, unindo <strong>qualidade, design e desempenho superior<\/strong> em seus produtos. Localizada em S\u00e3o Mateus, S\u00e3o Paulo, a empresa conta com profissionais altamente especializados e uma estrutura de produ\u00e7\u00e3o moderna.<\/p>\n\n\n\n<p>Todos os equipamentos da marca s\u00e3o <strong>certificados pelo INMETRO<\/strong>, o que garante n\u00e3o apenas efici\u00eancia, mas tamb\u00e9m seguran\u00e7a e durabilidade. \u00c9 por isso que os produtos Begel est\u00e3o presentes em in\u00fameros estabelecimentos no Brasil e em pa\u00edses das Am\u00e9ricas.<\/p>\n\n\n\n<ul class=\"wp-block-list\">\n<li><a href=\"https:\/\/begel.com.br\/blog\/bebedouro-para-restaurante-como-escolher-o-bebedouro-ideal-e-garantir-seguranca\/\">Bebedouro para restaurante: como escolher o bebedouro ideal e garantir seguran\u00e7a<\/a><\/li>\n<\/ul>\n\n\n\n<div id=\"ez-toc-container\" class=\"ez-toc-v2_0_81 counter-hierarchy ez-toc-counter ez-toc-grey ez-toc-container-direction\">\n<div class=\"ez-toc-title-container\">\n<p class=\"ez-toc-title\" style=\"cursor:inherit\">O que abordaremos neste artigo:<\/p>\n<span class=\"ez-toc-title-toggle\"><a href=\"#\" class=\"ez-toc-pull-right ez-toc-btn ez-toc-btn-xs ez-toc-btn-default ez-toc-toggle\" aria-label=\"Alternar tabela de conte\u00fado\"><span class=\"ez-toc-js-icon-con\"><span class=\"\"><span class=\"eztoc-hide\" style=\"display:none;\">Toggle<\/span><span class=\"ez-toc-icon-toggle-span\"><svg style=\"fill: #999;color:#999\" xmlns=\"http:\/\/www.w3.org\/2000\/svg\" class=\"list-377408\" width=\"20px\" height=\"20px\" viewBox=\"0 0 24 24\" fill=\"none\"><path d=\"M6 6H4v2h2V6zm14 0H8v2h12V6zM4 11h2v2H4v-2zm16 0H8v2h12v-2zM4 16h2v2H4v-2zm16 0H8v2h12v-2z\" fill=\"currentColor\"><\/path><\/svg><svg style=\"fill: #999;color:#999\" class=\"arrow-unsorted-368013\" xmlns=\"http:\/\/www.w3.org\/2000\/svg\" width=\"10px\" height=\"10px\" viewBox=\"0 0 24 24\" version=\"1.2\" baseProfile=\"tiny\"><path d=\"M18.2 9.3l-6.2-6.3-6.2 6.3c-.2.2-.3.4-.3.7s.1.5.3.7c.2.2.4.3.7.3h11c.3 0 .5-.1.7-.3.2-.2.3-.5.3-.7s-.1-.5-.3-.7zM5.8 14.7l6.2 6.3 6.2-6.3c.2-.2.3-.5.3-.7s-.1-.5-.3-.7c-.2-.2-.4-.3-.7-.3h-11c-.3 0-.5.1-.7.3-.2.2-.3.5-.3.7s.1.5.3.7z\"\/><\/svg><\/span><\/span><\/span><\/a><\/span><\/div>\n<nav><ul class='ez-toc-list ez-toc-list-level-1 ' ><li class='ez-toc-page-1 ez-toc-heading-level-2'><a class=\"ez-toc-link ez-toc-heading-1\" href=\"https:\/\/begel.com.br\/blog\/empresa-de-equipamentos-de-refrigeracao-comercial-conheca-a-begel\/#Equipamentos_de_refrigeracao_comercial_Begel_qualidade_que_faz_a_diferenca\" >Equipamentos de refrigera\u00e7\u00e3o comercial Begel: qualidade que faz a diferen\u00e7a<\/a><\/li><li class='ez-toc-page-1 ez-toc-heading-level-2'><a class=\"ez-toc-link ez-toc-heading-2\" href=\"https:\/\/begel.com.br\/blog\/empresa-de-equipamentos-de-refrigeracao-comercial-conheca-a-begel\/#Principais_produtos_bebedouros_purificadores_e_refresqueiras\" >Principais produtos: bebedouros, purificadores e refresqueiras<\/a><\/li><li class='ez-toc-page-1 ez-toc-heading-level-2'><a class=\"ez-toc-link ez-toc-heading-3\" href=\"https:\/\/begel.com.br\/blog\/empresa-de-equipamentos-de-refrigeracao-comercial-conheca-a-begel\/#Diferenciais_que_consolidam_a_Begel_no_mercado\" >Diferenciais que consolidam a Begel no mercado<\/a><\/li><li class='ez-toc-page-1 ez-toc-heading-level-2'><a class=\"ez-toc-link ez-toc-heading-4\" href=\"https:\/\/begel.com.br\/blog\/empresa-de-equipamentos-de-refrigeracao-comercial-conheca-a-begel\/#Como_escolher_o_melhor_equipamento_para_sua_empresa\" >Como escolher o melhor equipamento para sua empresa<\/a><\/li><li class='ez-toc-page-1 ez-toc-heading-level-2'><a class=\"ez-toc-link ez-toc-heading-5\" href=\"https:\/\/begel.com.br\/blog\/empresa-de-equipamentos-de-refrigeracao-comercial-conheca-a-begel\/#Invista_em_qualidade_com_os_equipamentos_de_refrigeracao_comercial_Begel\" >Invista em qualidade com os equipamentos de refrigera\u00e7\u00e3o comercial Begel<\/a><\/li><\/ul><\/nav><\/div>\n<h2 class=\"wp-block-heading\"><span class=\"ez-toc-section\" id=\"Equipamentos_de_refrigeracao_comercial_Begel_qualidade_que_faz_a_diferenca\"><\/span><strong>Equipamentos de refrigera\u00e7\u00e3o comercial Begel: qualidade que faz a diferen\u00e7a<\/strong><span class=\"ez-toc-section-end\"><\/span><\/h2>\n\n\n\n<p>A <strong>Begel<\/strong> \u00e9 reconhecida por desenvolver equipamentos que unem <strong>tecnologia e confiabilidade<\/strong>, essenciais para o funcionamento de ambientes corporativos. Seus <strong>bebedouros, purificadores e refresqueiras<\/strong> s\u00e3o projetados para atender diferentes demandas de uso di\u00e1rio, mantendo sempre a excel\u00eancia.<\/p>\n\n\n<div class=\"wp-block-image\">\n<figure class=\"alignright size-full is-resized\"><img loading=\"lazy\" decoding=\"async\" width=\"800\" height=\"800\" src=\"https:\/\/begel.com.br\/blog\/wp-content\/uploads\/2025\/11\/comercial_16l-2.png\" alt=\"\" class=\"wp-image-116\" style=\"width:301px;height:auto\" srcset=\"https:\/\/begel.com.br\/blog\/wp-content\/uploads\/2025\/11\/comercial_16l-2.png 800w, https:\/\/begel.com.br\/blog\/wp-content\/uploads\/2025\/11\/comercial_16l-2-300x300.png 300w, https:\/\/begel.com.br\/blog\/wp-content\/uploads\/2025\/11\/comercial_16l-2-150x150.png 150w, https:\/\/begel.com.br\/blog\/wp-content\/uploads\/2025\/11\/comercial_16l-2-768x768.png 768w, https:\/\/begel.com.br\/blog\/wp-content\/uploads\/2025\/11\/comercial_16l-2-60x60.png 60w\" sizes=\"auto, (max-width: 800px) 100vw, 800px\" \/><\/figure>\n<\/div>\n\n\n<p>Os <strong>equipamentos de refrigera\u00e7\u00e3o comercial<\/strong> da marca oferecem <strong>baixo consumo de energia<\/strong>, opera\u00e7\u00e3o silenciosa e alta resist\u00eancia. Al\u00e9m disso, cada produto \u00e9 testado e aprovado por rigorosos padr\u00f5es de qualidade antes de chegar ao cliente.<\/p>\n\n\n\n<p>Por isso, empresas e escrit\u00f3rios escolhem a Begel como parceira estrat\u00e9gica. <strong>A durabilidade e o design moderno<\/strong> dos produtos contribuem para ambientes mais eficientes e agrad\u00e1veis, o que refor\u00e7a o posicionamento da marca como sin\u00f4nimo de <strong>confian\u00e7a e inova\u00e7\u00e3o<\/strong>.<\/p>\n\n\n\n<p>Sendo assim, ao optar por um produto Begel, o cliente investe em <strong>efici\u00eancia operacional e sustentabilidade<\/strong>, uma vez que a empresa adota pr\u00e1ticas respons\u00e1veis em sua linha de produ\u00e7\u00e3o.<\/p>\n\n\n\n<h2 class=\"wp-block-heading\"><span class=\"ez-toc-section\" id=\"Principais_produtos_bebedouros_purificadores_e_refresqueiras\"><\/span><strong>Principais produtos: bebedouros, purificadores e refresqueiras<\/strong><span class=\"ez-toc-section-end\"><\/span><\/h2>\n\n\n\n<p>A Begel fabrica <strong>bebedouros refrigeradores<\/strong>, <strong>purificadores de \u00e1gua<\/strong> e <strong>refresqueiras<\/strong> voltados ao uso profissional. Cada linha de produto \u00e9 pensada para atender diferentes espa\u00e7os e n\u00edveis de demanda, sem abrir m\u00e3o do desempenho.<\/p>\n\n\n\n<p>Os <strong>bebedouros refrigeradores<\/strong> oferecem \u00e1gua gelada de forma constante e segura, ideal para locais com grande fluxo de pessoas. J\u00e1 os <strong>purificadores<\/strong> garantem qualidade e pureza da \u00e1gua, atendendo \u00e0s exig\u00eancias de empresas e institui\u00e7\u00f5es de sa\u00fade.<\/p>\n\n\n\n<p>As <strong>refresqueiras<\/strong>, por sua vez, s\u00e3o projetadas para conservar e servir bebidas com praticidade, sendo amplamente utilizadas em restaurantes, caf\u00e9s e padarias. Portanto, cada equipamento reflete o compromisso da Begel com <strong>efici\u00eancia, praticidade e est\u00e9tica<\/strong>.<\/p>\n\n\n\n<p>Outro ponto que refor\u00e7a a credibilidade da marca \u00e9 a certifica\u00e7\u00e3o do <strong>INMETRO<\/strong>, que assegura que todos os equipamentos cumprem as normas t\u00e9cnicas exigidas pelo mercado nacional e internacional.<\/p>\n\n\n\n<ul class=\"wp-block-list\">\n<li><a href=\"https:\/\/begel.com.br\/blog\/conheca-nossa-linha-de-equipamentos-para-restaurantes\/\">Conhe\u00e7a nossa linha de equipamentos para restaurantes<\/a><\/li>\n<\/ul>\n\n\n\n<h2 class=\"wp-block-heading\"><span class=\"ez-toc-section\" id=\"Diferenciais_que_consolidam_a_Begel_no_mercado\"><\/span><strong>Diferenciais que consolidam a Begel no mercado<\/strong><span class=\"ez-toc-section-end\"><\/span><\/h2>\n\n\n\n<p>A excel\u00eancia da <strong>Begel<\/strong> n\u00e3o se resume \u00e0 fabrica\u00e7\u00e3o. O diferencial da marca est\u00e1 em sua <strong>aten\u00e7\u00e3o ao detalhe e ao p\u00f3s-venda<\/strong>, garantindo suporte t\u00e9cnico r\u00e1pido e eficaz. Al\u00e9m disso, a empresa investe constantemente em inova\u00e7\u00e3o, acompanhando as novas demandas do setor de refrigera\u00e7\u00e3o comercial.<\/p>\n\n\n\n<p>Entre os principais diferenciais, destacam-se:<\/p>\n\n\n\n<ul class=\"wp-block-list\">\n<li><strong>Certifica\u00e7\u00e3o INMETRO:<\/strong> todos os produtos passam por rigorosos testes de desempenho e seguran\u00e7a.<br><\/li>\n\n\n\n<li><strong>Sustentabilidade:<\/strong> a Begel adota processos de produ\u00e7\u00e3o ecoeficientes, reduzindo impactos ambientais.<br><\/li>\n\n\n\n<li><strong>Personaliza\u00e7\u00e3o:<\/strong> solu\u00e7\u00f5es adapt\u00e1veis \u00e0s necessidades espec\u00edficas de cada cliente.<br><\/li>\n\n\n\n<li><strong>Durabilidade:<\/strong> materiais de alta qualidade garantem maior vida \u00fatil e menos manuten\u00e7\u00e3o.<br><\/li>\n<\/ul>\n\n\n\n<p>Por isso, a Begel \u00e9 considerada refer\u00eancia em <strong>equipamentos de refrigera\u00e7\u00e3o comercial<\/strong> tanto no Brasil quanto no exterior.<\/p>\n\n\n\n<h2 class=\"wp-block-heading\"><span class=\"ez-toc-section\" id=\"Como_escolher_o_melhor_equipamento_para_sua_empresa\"><\/span><strong>Como escolher o melhor equipamento para sua empresa<\/strong><span class=\"ez-toc-section-end\"><\/span><\/h2>\n\n\n\n<p>Escolher o equipamento de refrigera\u00e7\u00e3o ideal depende do perfil da empresa e do volume de uso di\u00e1rio. Por exemplo, em escrit\u00f3rios de pequeno porte, <strong>purificadores compactos<\/strong> e <strong>bebedouros de coluna<\/strong> s\u00e3o ideais. J\u00e1 em restaurantes ou ambientes corporativos maiores, modelos industriais garantem melhor desempenho.<\/p>\n\n\n\n<p>Al\u00e9m disso, \u00e9 fundamental observar a <strong>capacidade de refrigera\u00e7\u00e3o<\/strong>, o <strong>n\u00edvel de ru\u00eddo<\/strong> e a <strong>efici\u00eancia energ\u00e9tica<\/strong> de cada equipamento. A Begel oferece um portf\u00f3lio variado que facilita essa escolha, permitindo que o cliente encontre o modelo perfeito para suas necessidades.<\/p>\n\n\n\n<p>Ent\u00e3o, antes de comprar, avalie o espa\u00e7o dispon\u00edvel e a quantidade de usu\u00e1rios. <strong>Os consultores Begel<\/strong> podem auxiliar nessa escolha, garantindo o melhor custo-benef\u00edcio e a m\u00e1xima performance do produto.<\/p>\n\n\n\n<p>Portanto, investir em <strong>equipamentos de refrigera\u00e7\u00e3o comercial Begel<\/strong> \u00e9 investir em <strong>qualidade, economia e confiabilidade<\/strong>.<\/p>\n\n\n\n<ul class=\"wp-block-list\">\n<li><a href=\"https:\/\/begel.com.br\/blog\/bebedouro-com-compressor-o-fluxo-de-agua-perfeito-para-sua-casa\/\">Bebedouro com compressor: o fluxo de \u00e1gua perfeito para sua casa<\/a><\/li>\n<\/ul>\n\n\n\n<h2 class=\"wp-block-heading\"><span class=\"ez-toc-section\" id=\"Invista_em_qualidade_com_os_equipamentos_de_refrigeracao_comercial_Begel\"><\/span><strong>Invista em qualidade com os equipamentos de refrigera\u00e7\u00e3o comercial Begel<\/strong><span class=\"ez-toc-section-end\"><\/span><\/h2>\n\n\n\n<p>A <strong>Begel<\/strong> \u00e9 mais do que uma fabricante de equipamentos de refrigera\u00e7\u00e3o comercial. \u00c9 uma empresa comprometida com <strong>a inova\u00e7\u00e3o, a qualidade e a satisfa\u00e7\u00e3o de seus clientes<\/strong>. Seus produtos \u2014 como <strong>bebedouros refrigeradores<\/strong>, <strong>purificadores<\/strong> e <strong>refresqueiras<\/strong> \u2014 representam o que h\u00e1 de melhor em desempenho, design e durabilidade.<\/p>\n\n\n\n<p>Portanto, se a sua empresa busca <strong>efici\u00eancia, economia e credibilidade<\/strong>, a Begel \u00e9 a parceira ideal. Entre em contato com a marca e conhe\u00e7a solu\u00e7\u00f5es sob medida para o seu neg\u00f3cio.<\/p>\n\n\n\n<p>Invista na <strong>Begel <\/strong>e leve para sua empresa o padr\u00e3o de qualidade que ultrapassa fronteiras.<\/p>\n\n\n\n<p><strong><em>Acesse o site oficial da Begel e conhe\u00e7a toda a linha de equipamentos de refrigera\u00e7\u00e3o comercial certificados pelo INMETRO.<\/em><\/strong><\/p>\n","protected":false},"excerpt":{"rendered":"<p><span class=\"span-reading-time rt-reading-time\" style=\"display: block;\"><span class=\"rt-label rt-prefix\">Tempo de leitura:<\/span> <span class=\"rt-time\"> 4<\/span> <span class=\"rt-label rt-postfix\">minutos<\/span><\/span>Conhe\u00e7a a Begel, refer\u00eancia em equipamentos de refrigera\u00e7\u00e3o comercial, com produtos certificados pelo INMETRO e reconhecidos pela qualidade e durabilidade. Os equipamentos de refrigera\u00e7\u00e3o comercial s\u00e3o fundamentais para manter a qualidade de bebidas e o conforto em ambientes corporativos e de atendimento ao p\u00fablico. Seja em empresas, escrit\u00f3rios ou restaurantes, a efici\u00eancia desses equipamentos influencia &hellip; <\/p>\n","protected":false},"author":2,"featured_media":114,"comment_status":"open","ping_status":"open","sticky":false,"template":"","format":"standard","meta":{"footnotes":""},"categories":[99],"tags":[477,386,472,272,481,474,300,480,482,476,471,483,484,478,473,485,479,391,414,475],"class_list":["post-113","post","type-post","status-publish","format-standard","has-post-thumbnail","hentry","category-refresqueira","tag-bebedouro-de-coluna","tag-bebedouro-para-escritorio","tag-bebedouro-refrigerador","tag-begel","tag-empresa-de-refrigeracao-comercial","tag-equipamentos-certificados-pelo-inmetro","tag-equipamentos-de-refrigeracao-comercial","tag-equipamentos-de-refrigeracao-em-sao-paulo","tag-equipamentos-de-refrigeracao-sustentavel","tag-equipamentos-para-escritorios","tag-filtro-refrigerador","tag-produtos-begel","tag-purificador-begel","tag-purificador-de-agua-corporativo","tag-purificadores-de-agua-begel","tag-refresqueira-para-restaurante","tag-refresqueira-profissional","tag-refresqueiras-begel","tag-refrigeracao-eficiente","tag-refrigeracao-para-empresas","latest_post"],"yoast_head":"<!-- This site is optimized with the Yoast SEO plugin v27.2 - https:\/\/yoast.com\/product\/yoast-seo-wordpress\/ -->\n<title>Empresa de equipamentos de refrigera\u00e7\u00e3o comercial: conhe\u00e7a a Begel - Blog Begel<\/title>\n<meta name=\"description\" content=\"Conhe\u00e7a a Begel, refer\u00eancia em equipamentos de refrigera\u00e7\u00e3o comercial, com produtos certificados pelo INMETRO e reconhecidos pela qualidade e durabilidade.\" \/>\n<meta name=\"robots\" content=\"index, follow, max-snippet:-1, max-image-preview:large, max-video-preview:-1\" \/>\n<link rel=\"canonical\" href=\"https:\/\/begel.com.br\/blog\/empresa-de-equipamentos-de-refrigeracao-comercial-conheca-a-begel\/\" \/>\n<meta property=\"og:locale\" content=\"pt_BR\" \/>\n<meta property=\"og:type\" content=\"article\" \/>\n<meta property=\"og:title\" content=\"Empresa de equipamentos de refrigera\u00e7\u00e3o comercial: conhe\u00e7a a Begel - Blog Begel\" \/>\n<meta property=\"og:description\" content=\"Conhe\u00e7a a Begel, refer\u00eancia em equipamentos de refrigera\u00e7\u00e3o comercial, com produtos certificados pelo INMETRO e reconhecidos pela qualidade e durabilidade.\" \/>\n<meta property=\"og:url\" content=\"https:\/\/begel.com.br\/blog\/empresa-de-equipamentos-de-refrigeracao-comercial-conheca-a-begel\/\" \/>\n<meta property=\"og:site_name\" content=\"Blog Begel\" \/>\n<meta property=\"article:published_time\" content=\"2025-11-07T14:58:17+00:00\" \/>\n<meta property=\"article:modified_time\" content=\"2025-11-07T15:00:07+00:00\" \/>\n<meta property=\"og:image\" content=\"https:\/\/begel.com.br\/blog\/wp-content\/uploads\/2025\/11\/comercial_16l.png\" \/>\n\t<meta property=\"og:image:width\" content=\"800\" \/>\n\t<meta property=\"og:image:height\" content=\"800\" \/>\n\t<meta property=\"og:image:type\" content=\"image\/png\" \/>\n<meta name=\"author\" content=\"admin\" \/>\n<meta name=\"twitter:card\" content=\"summary_large_image\" \/>\n<meta name=\"twitter:label1\" content=\"Escrito por\" \/>\n\t<meta name=\"twitter:data1\" content=\"admin\" \/>\n\t<meta name=\"twitter:label2\" content=\"Est. tempo de leitura\" \/>\n\t<meta name=\"twitter:data2\" content=\"6 minutos\" \/>\n<script type=\"application\/ld+json\" class=\"yoast-schema-graph\">{\"@context\":\"https:\/\/schema.org\",\"@graph\":[{\"@type\":\"Article\",\"@id\":\"https:\/\/begel.com.br\/blog\/empresa-de-equipamentos-de-refrigeracao-comercial-conheca-a-begel\/#article\",\"isPartOf\":{\"@id\":\"https:\/\/begel.com.br\/blog\/empresa-de-equipamentos-de-refrigeracao-comercial-conheca-a-begel\/\"},\"author\":{\"name\":\"admin\",\"@id\":\"https:\/\/begel.com.br\/blog\/#\/schema\/person\/8cf24de6b221fe622e543da7c15e4939\"},\"headline\":\"Empresa de equipamentos de refrigera\u00e7\u00e3o comercial: conhe\u00e7a a Begel\",\"datePublished\":\"2025-11-07T14:58:17+00:00\",\"dateModified\":\"2025-11-07T15:00:07+00:00\",\"mainEntityOfPage\":{\"@id\":\"https:\/\/begel.com.br\/blog\/empresa-de-equipamentos-de-refrigeracao-comercial-conheca-a-begel\/\"},\"wordCount\":946,\"commentCount\":0,\"publisher\":{\"@id\":\"https:\/\/begel.com.br\/blog\/#organization\"},\"image\":{\"@id\":\"https:\/\/begel.com.br\/blog\/empresa-de-equipamentos-de-refrigeracao-comercial-conheca-a-begel\/#primaryimage\"},\"thumbnailUrl\":\"https:\/\/begel.com.br\/blog\/wp-content\/uploads\/2025\/11\/comercial_16l.png\",\"keywords\":[\"bebedouro de coluna\",\"bebedouro para escrit\u00f3rio\",\"bebedouro refrigerador\",\"Begel\",\"empresa de refrigera\u00e7\u00e3o comercial\",\"equipamentos certificados pelo INMETRO\",\"equipamentos de refrigera\u00e7\u00e3o comercial\",\"equipamentos de refrigera\u00e7\u00e3o em S\u00e3o Paulo\",\"equipamentos de refrigera\u00e7\u00e3o sustent\u00e1vel\",\"equipamentos para escrit\u00f3rios\",\"filtro refrigerador\",\"produtos Begel\",\"purificador Begel\",\"purificador de \u00e1gua corporativo\",\"purificadores de \u00e1gua Begel\",\"refresqueira para restaurante\",\"refresqueira profissional\",\"refresqueiras Begel\",\"refrigera\u00e7\u00e3o eficiente\",\"refrigera\u00e7\u00e3o para empresas\"],\"articleSection\":[\"Refresqueira\"],\"inLanguage\":\"pt-BR\",\"potentialAction\":[{\"@type\":\"CommentAction\",\"name\":\"Comment\",\"target\":[\"https:\/\/begel.com.br\/blog\/empresa-de-equipamentos-de-refrigeracao-comercial-conheca-a-begel\/#respond\"]}]},{\"@type\":\"WebPage\",\"@id\":\"https:\/\/begel.com.br\/blog\/empresa-de-equipamentos-de-refrigeracao-comercial-conheca-a-begel\/\",\"url\":\"https:\/\/begel.com.br\/blog\/empresa-de-equipamentos-de-refrigeracao-comercial-conheca-a-begel\/\",\"name\":\"Empresa de equipamentos de refrigera\u00e7\u00e3o comercial: conhe\u00e7a a Begel - Blog Begel\",\"isPartOf\":{\"@id\":\"https:\/\/begel.com.br\/blog\/#website\"},\"primaryImageOfPage\":{\"@id\":\"https:\/\/begel.com.br\/blog\/empresa-de-equipamentos-de-refrigeracao-comercial-conheca-a-begel\/#primaryimage\"},\"image\":{\"@id\":\"https:\/\/begel.com.br\/blog\/empresa-de-equipamentos-de-refrigeracao-comercial-conheca-a-begel\/#primaryimage\"},\"thumbnailUrl\":\"https:\/\/begel.com.br\/blog\/wp-content\/uploads\/2025\/11\/comercial_16l.png\",\"datePublished\":\"2025-11-07T14:58:17+00:00\",\"dateModified\":\"2025-11-07T15:00:07+00:00\",\"description\":\"Conhe\u00e7a a Begel, refer\u00eancia em equipamentos de refrigera\u00e7\u00e3o comercial, com produtos certificados pelo INMETRO e reconhecidos pela qualidade e durabilidade.\",\"breadcrumb\":{\"@id\":\"https:\/\/begel.com.br\/blog\/empresa-de-equipamentos-de-refrigeracao-comercial-conheca-a-begel\/#breadcrumb\"},\"inLanguage\":\"pt-BR\",\"potentialAction\":[{\"@type\":\"ReadAction\",\"target\":[\"https:\/\/begel.com.br\/blog\/empresa-de-equipamentos-de-refrigeracao-comercial-conheca-a-begel\/\"]}]},{\"@type\":\"ImageObject\",\"inLanguage\":\"pt-BR\",\"@id\":\"https:\/\/begel.com.br\/blog\/empresa-de-equipamentos-de-refrigeracao-comercial-conheca-a-begel\/#primaryimage\",\"url\":\"https:\/\/begel.com.br\/blog\/wp-content\/uploads\/2025\/11\/comercial_16l.png\",\"contentUrl\":\"https:\/\/begel.com.br\/blog\/wp-content\/uploads\/2025\/11\/comercial_16l.png\",\"width\":800,\"height\":800,\"caption\":\"Empresa de equipamentos de refrigera\u00e7\u00e3o comercial: conhe\u00e7a a Begel\"},{\"@type\":\"BreadcrumbList\",\"@id\":\"https:\/\/begel.com.br\/blog\/empresa-de-equipamentos-de-refrigeracao-comercial-conheca-a-begel\/#breadcrumb\",\"itemListElement\":[{\"@type\":\"ListItem\",\"position\":1,\"name\":\"In\u00edcio\",\"item\":\"https:\/\/begel.com.br\/blog\/\"},{\"@type\":\"ListItem\",\"position\":2,\"name\":\"Empresa de equipamentos de refrigera\u00e7\u00e3o comercial: conhe\u00e7a a Begel\"}]},{\"@type\":\"WebSite\",\"@id\":\"https:\/\/begel.com.br\/blog\/#website\",\"url\":\"https:\/\/begel.com.br\/blog\/\",\"name\":\"Blog Begel\",\"description\":\"Qualidade pensando em voc\u00ea!\",\"publisher\":{\"@id\":\"https:\/\/begel.com.br\/blog\/#organization\"},\"potentialAction\":[{\"@type\":\"SearchAction\",\"target\":{\"@type\":\"EntryPoint\",\"urlTemplate\":\"https:\/\/begel.com.br\/blog\/?s={search_term_string}\"},\"query-input\":{\"@type\":\"PropertyValueSpecification\",\"valueRequired\":true,\"valueName\":\"search_term_string\"}}],\"inLanguage\":\"pt-BR\"},{\"@type\":\"Organization\",\"@id\":\"https:\/\/begel.com.br\/blog\/#organization\",\"name\":\"Blog Begel\",\"url\":\"https:\/\/begel.com.br\/blog\/\",\"logo\":{\"@type\":\"ImageObject\",\"inLanguage\":\"pt-BR\",\"@id\":\"https:\/\/begel.com.br\/blog\/#\/schema\/logo\/image\/\",\"url\":\"https:\/\/begel.com.br\/blog\/wp-content\/uploads\/2025\/03\/logobegelll.png\",\"contentUrl\":\"https:\/\/begel.com.br\/blog\/wp-content\/uploads\/2025\/03\/logobegelll.png\",\"width\":223,\"height\":52,\"caption\":\"Blog Begel\"},\"image\":{\"@id\":\"https:\/\/begel.com.br\/blog\/#\/schema\/logo\/image\/\"}},{\"@type\":\"Person\",\"@id\":\"https:\/\/begel.com.br\/blog\/#\/schema\/person\/8cf24de6b221fe622e543da7c15e4939\",\"name\":\"admin\",\"image\":{\"@type\":\"ImageObject\",\"inLanguage\":\"pt-BR\",\"@id\":\"https:\/\/secure.gravatar.com\/avatar\/0c35c1987e27da99c70b0996ba9e9a6b78e67bef84fab8227e88c2c44b594cd5?s=96&d=mm&r=g\",\"url\":\"https:\/\/secure.gravatar.com\/avatar\/0c35c1987e27da99c70b0996ba9e9a6b78e67bef84fab8227e88c2c44b594cd5?s=96&d=mm&r=g\",\"contentUrl\":\"https:\/\/secure.gravatar.com\/avatar\/0c35c1987e27da99c70b0996ba9e9a6b78e67bef84fab8227e88c2c44b594cd5?s=96&d=mm&r=g\",\"caption\":\"admin\"},\"url\":\"https:\/\/begel.com.br\/blog\/author\/admin\/\"}]}<\/script>\n<!-- \/ Yoast SEO plugin. -->","yoast_head_json":{"title":"Empresa de equipamentos de refrigera\u00e7\u00e3o comercial: conhe\u00e7a a Begel - Blog Begel","description":"Conhe\u00e7a a Begel, refer\u00eancia em equipamentos de refrigera\u00e7\u00e3o comercial, com produtos certificados pelo INMETRO e reconhecidos pela qualidade e durabilidade.","robots":{"index":"index","follow":"follow","max-snippet":"max-snippet:-1","max-image-preview":"max-image-preview:large","max-video-preview":"max-video-preview:-1"},"canonical":"https:\/\/begel.com.br\/blog\/empresa-de-equipamentos-de-refrigeracao-comercial-conheca-a-begel\/","og_locale":"pt_BR","og_type":"article","og_title":"Empresa de equipamentos de refrigera\u00e7\u00e3o comercial: conhe\u00e7a a Begel - Blog Begel","og_description":"Conhe\u00e7a a Begel, refer\u00eancia em equipamentos de refrigera\u00e7\u00e3o comercial, com produtos certificados pelo INMETRO e reconhecidos pela qualidade e durabilidade.","og_url":"https:\/\/begel.com.br\/blog\/empresa-de-equipamentos-de-refrigeracao-comercial-conheca-a-begel\/","og_site_name":"Blog Begel","article_published_time":"2025-11-07T14:58:17+00:00","article_modified_time":"2025-11-07T15:00:07+00:00","og_image":[{"width":800,"height":800,"url":"https:\/\/begel.com.br\/blog\/wp-content\/uploads\/2025\/11\/comercial_16l.png","type":"image\/png"}],"author":"admin","twitter_card":"summary_large_image","twitter_misc":{"Escrito por":"admin","Est. tempo de leitura":"6 minutos"},"schema":{"@context":"https:\/\/schema.org","@graph":[{"@type":"Article","@id":"https:\/\/begel.com.br\/blog\/empresa-de-equipamentos-de-refrigeracao-comercial-conheca-a-begel\/#article","isPartOf":{"@id":"https:\/\/begel.com.br\/blog\/empresa-de-equipamentos-de-refrigeracao-comercial-conheca-a-begel\/"},"author":{"name":"admin","@id":"https:\/\/begel.com.br\/blog\/#\/schema\/person\/8cf24de6b221fe622e543da7c15e4939"},"headline":"Empresa de equipamentos de refrigera\u00e7\u00e3o comercial: conhe\u00e7a a Begel","datePublished":"2025-11-07T14:58:17+00:00","dateModified":"2025-11-07T15:00:07+00:00","mainEntityOfPage":{"@id":"https:\/\/begel.com.br\/blog\/empresa-de-equipamentos-de-refrigeracao-comercial-conheca-a-begel\/"},"wordCount":946,"commentCount":0,"publisher":{"@id":"https:\/\/begel.com.br\/blog\/#organization"},"image":{"@id":"https:\/\/begel.com.br\/blog\/empresa-de-equipamentos-de-refrigeracao-comercial-conheca-a-begel\/#primaryimage"},"thumbnailUrl":"https:\/\/begel.com.br\/blog\/wp-content\/uploads\/2025\/11\/comercial_16l.png","keywords":["bebedouro de coluna","bebedouro para escrit\u00f3rio","bebedouro refrigerador","Begel","empresa de refrigera\u00e7\u00e3o comercial","equipamentos certificados pelo INMETRO","equipamentos de refrigera\u00e7\u00e3o comercial","equipamentos de refrigera\u00e7\u00e3o em S\u00e3o Paulo","equipamentos de refrigera\u00e7\u00e3o sustent\u00e1vel","equipamentos para escrit\u00f3rios","filtro refrigerador","produtos Begel","purificador Begel","purificador de \u00e1gua corporativo","purificadores de \u00e1gua Begel","refresqueira para restaurante","refresqueira profissional","refresqueiras Begel","refrigera\u00e7\u00e3o eficiente","refrigera\u00e7\u00e3o para empresas"],"articleSection":["Refresqueira"],"inLanguage":"pt-BR","potentialAction":[{"@type":"CommentAction","name":"Comment","target":["https:\/\/begel.com.br\/blog\/empresa-de-equipamentos-de-refrigeracao-comercial-conheca-a-begel\/#respond"]}]},{"@type":"WebPage","@id":"https:\/\/begel.com.br\/blog\/empresa-de-equipamentos-de-refrigeracao-comercial-conheca-a-begel\/","url":"https:\/\/begel.com.br\/blog\/empresa-de-equipamentos-de-refrigeracao-comercial-conheca-a-begel\/","name":"Empresa de equipamentos de refrigera\u00e7\u00e3o comercial: conhe\u00e7a a Begel - Blog Begel","isPartOf":{"@id":"https:\/\/begel.com.br\/blog\/#website"},"primaryImageOfPage":{"@id":"https:\/\/begel.com.br\/blog\/empresa-de-equipamentos-de-refrigeracao-comercial-conheca-a-begel\/#primaryimage"},"image":{"@id":"https:\/\/begel.com.br\/blog\/empresa-de-equipamentos-de-refrigeracao-comercial-conheca-a-begel\/#primaryimage"},"thumbnailUrl":"https:\/\/begel.com.br\/blog\/wp-content\/uploads\/2025\/11\/comercial_16l.png","datePublished":"2025-11-07T14:58:17+00:00","dateModified":"2025-11-07T15:00:07+00:00","description":"Conhe\u00e7a a Begel, refer\u00eancia em equipamentos de refrigera\u00e7\u00e3o comercial, com produtos certificados pelo INMETRO e reconhecidos pela qualidade e durabilidade.","breadcrumb":{"@id":"https:\/\/begel.com.br\/blog\/empresa-de-equipamentos-de-refrigeracao-comercial-conheca-a-begel\/#breadcrumb"},"inLanguage":"pt-BR","potentialAction":[{"@type":"ReadAction","target":["https:\/\/begel.com.br\/blog\/empresa-de-equipamentos-de-refrigeracao-comercial-conheca-a-begel\/"]}]},{"@type":"ImageObject","inLanguage":"pt-BR","@id":"https:\/\/begel.com.br\/blog\/empresa-de-equipamentos-de-refrigeracao-comercial-conheca-a-begel\/#primaryimage","url":"https:\/\/begel.com.br\/blog\/wp-content\/uploads\/2025\/11\/comercial_16l.png","contentUrl":"https:\/\/begel.com.br\/blog\/wp-content\/uploads\/2025\/11\/comercial_16l.png","width":800,"height":800,"caption":"Empresa de equipamentos de refrigera\u00e7\u00e3o comercial: conhe\u00e7a a Begel"},{"@type":"BreadcrumbList","@id":"https:\/\/begel.com.br\/blog\/empresa-de-equipamentos-de-refrigeracao-comercial-conheca-a-begel\/#breadcrumb","itemListElement":[{"@type":"ListItem","position":1,"name":"In\u00edcio","item":"https:\/\/begel.com.br\/blog\/"},{"@type":"ListItem","position":2,"name":"Empresa de equipamentos de refrigera\u00e7\u00e3o comercial: conhe\u00e7a a Begel"}]},{"@type":"WebSite","@id":"https:\/\/begel.com.br\/blog\/#website","url":"https:\/\/begel.com.br\/blog\/","name":"Blog Begel","description":"Qualidade pensando em voc\u00ea!","publisher":{"@id":"https:\/\/begel.com.br\/blog\/#organization"},"potentialAction":[{"@type":"SearchAction","target":{"@type":"EntryPoint","urlTemplate":"https:\/\/begel.com.br\/blog\/?s={search_term_string}"},"query-input":{"@type":"PropertyValueSpecification","valueRequired":true,"valueName":"search_term_string"}}],"inLanguage":"pt-BR"},{"@type":"Organization","@id":"https:\/\/begel.com.br\/blog\/#organization","name":"Blog Begel","url":"https:\/\/begel.com.br\/blog\/","logo":{"@type":"ImageObject","inLanguage":"pt-BR","@id":"https:\/\/begel.com.br\/blog\/#\/schema\/logo\/image\/","url":"https:\/\/begel.com.br\/blog\/wp-content\/uploads\/2025\/03\/logobegelll.png","contentUrl":"https:\/\/begel.com.br\/blog\/wp-content\/uploads\/2025\/03\/logobegelll.png","width":223,"height":52,"caption":"Blog Begel"},"image":{"@id":"https:\/\/begel.com.br\/blog\/#\/schema\/logo\/image\/"}},{"@type":"Person","@id":"https:\/\/begel.com.br\/blog\/#\/schema\/person\/8cf24de6b221fe622e543da7c15e4939","name":"admin","image":{"@type":"ImageObject","inLanguage":"pt-BR","@id":"https:\/\/secure.gravatar.com\/avatar\/0c35c1987e27da99c70b0996ba9e9a6b78e67bef84fab8227e88c2c44b594cd5?s=96&d=mm&r=g","url":"https:\/\/secure.gravatar.com\/avatar\/0c35c1987e27da99c70b0996ba9e9a6b78e67bef84fab8227e88c2c44b594cd5?s=96&d=mm&r=g","contentUrl":"https:\/\/secure.gravatar.com\/avatar\/0c35c1987e27da99c70b0996ba9e9a6b78e67bef84fab8227e88c2c44b594cd5?s=96&d=mm&r=g","caption":"admin"},"url":"https:\/\/begel.com.br\/blog\/author\/admin\/"}]}},"_links":{"self":[{"href":"https:\/\/begel.com.br\/blog\/wp-json\/wp\/v2\/posts\/113","targetHints":{"allow":["GET"]}}],"collection":[{"href":"https:\/\/begel.com.br\/blog\/wp-json\/wp\/v2\/posts"}],"about":[{"href":"https:\/\/begel.com.br\/blog\/wp-json\/wp\/v2\/types\/post"}],"author":[{"embeddable":true,"href":"https:\/\/begel.com.br\/blog\/wp-json\/wp\/v2\/users\/2"}],"replies":[{"embeddable":true,"href":"https:\/\/begel.com.br\/blog\/wp-json\/wp\/v2\/comments?post=113"}],"version-history":[{"count":1,"href":"https:\/\/begel.com.br\/blog\/wp-json\/wp\/v2\/posts\/113\/revisions"}],"predecessor-version":[{"id":117,"href":"https:\/\/begel.com.br\/blog\/wp-json\/wp\/v2\/posts\/113\/revisions\/117"}],"wp:featuredmedia":[{"embeddable":true,"href":"https:\/\/begel.com.br\/blog\/wp-json\/wp\/v2\/media\/114"}],"wp:attachment":[{"href":"https:\/\/begel.com.br\/blog\/wp-json\/wp\/v2\/media?parent=113"}],"wp:term":[{"taxonomy":"category","embeddable":true,"href":"https:\/\/begel.com.br\/blog\/wp-json\/wp\/v2\/categories?post=113"},{"taxonomy":"post_tag","embeddable":true,"href":"https:\/\/begel.com.br\/blog\/wp-json\/wp\/v2\/tags?post=113"}],"curies":[{"name":"wp","href":"https:\/\/api.w.org\/{rel}","templated":true}]}}